{"id":23632,"date":"2026-09-02T13:15:51","date_gmt":"2026-09-02T11:15:51","guid":{"rendered":"https:\/\/medios.uchceu.es\/elrotativo\/?p=23632"},"modified":"2026-09-02T13:15:52","modified_gmt":"2026-09-02T11:15:52","slug":"sagunt-a-escena-reune-a-cerca-de-11-000-espectadores-en-su-43a-edicion","status":"publish","type":"post","link":"https:\/\/medios.uchceu.es\/elrotativo\/2026\/09\/02\/sagunt-a-escena-reune-a-cerca-de-11-000-espectadores-en-su-43a-edicion\/","title":{"rendered":"Sagunt a Escena re\u00fane a cerca de 11.000 espectadores en su 43\u00aa edici\u00f3n"},"content":{"rendered":"\n<p class=\"wp-block-paragraph\">Redacci\u00f3n ROTATIVO \/ Imagen: GVA<\/p>\n\n\n\n<p class=\"wp-block-paragraph\">El festival Sagunt a Escena, organizado por la Conselleria de Educaci\u00f3n, Cultura, Universidades a trav\u00e9s del Institut Valenci\u00e0 de Cultura (IVC), en colaboraci\u00f3n con la Diputaci\u00f3n de Valencia y el Ayuntamiento de Sagunto, concluy\u00f3 su 43\u00aa edici\u00f3n el pasado 23 de agosto tras reunir a cerca de 11.000 espectadores y ofrecer veinte representaciones de teatro, circo, danza y m\u00fasica.<\/p>\n\n\n\n<p class=\"wp-block-paragraph\">Nueve de estas funciones tuvieron lugar en el Teatro Romano y once formaron parte de la programaci\u00f3n de la secci\u00f3n \u2018Off Rom\u00e0\u2019, desarrollada en calles, plazas y escenarios alternativos de la ciudad.<\/p>\n\n\n\n<p class=\"wp-block-paragraph\">Como novedad, esta edici\u00f3n ha contado con una ampliaci\u00f3n del aforo del Teatro Romano de cerca de 200 localidades respecto a las dos convocatorias anteriores. As\u00ed, de las 608 butacas disponibles en las ediciones de 2024 y 2025 se ha pasado a las 804 de 2026, gracias a la inversi\u00f3n y el trabajo de la Conselleria de Educaci\u00f3n, Cultura, Universidades, a trav\u00e9s de su Direcci\u00f3n General de Patrimonio Cultural y del Institut Valenci\u00e0 de Cultura.<\/p>\n\n\n\n<p class=\"wp-block-paragraph\"><strong>Cinco funciones con localidades agotadas<\/strong><\/p>\n\n\n\n<p class=\"wp-block-paragraph\">Un total de 7.000 espectadores y espectadoras asistieron a las ocho propuestas de gran formato programadas en el Teatro Romano. De hecho, cinco de estas obras agotaron todas las entradas a la venta: \u2018La \u00f3pera de los tres centavos\u2019, \u2018La dama boba\u2019, &#8216;Terra de guapes\u2019, \u2018Fedra, en los infiernos\u2019 y el concierto de Estrella Morente.<\/p>\n\n\n\n<p class=\"wp-block-paragraph\">Asimismo, espect\u00e1culos como \u2018Original Greek\u2019, de la compa\u00f1\u00eda valenciana Marina Toniovic; \u2018Hamlet, una versi\u00f3n recontralibre\u2019, de la compa\u00f1\u00eda peruana Teatro La Plaza; y las dos funciones de \u2018El Narciso en su opini\u00f3n\u2019, producci\u00f3n propia del IVC, registraron elevados niveles de ocupaci\u00f3n.<\/p>\n\n\n\n<p class=\"wp-block-paragraph\">La programaci\u00f3n del Teatro Romano ha contado con la colaboraci\u00f3n del \u00e1rea de teatros de la Diputaci\u00f3n de Valencia y del Centre Teatral Escalante, que han respaldado las propuestas de \u2018Original Greek\u2019 y \u2018Hamlet, una versi\u00f3n recontralibre\u2019. Por su parte, el Ayuntamiento de Sagunto ha colaborado tanto en la programaci\u00f3n de \u2018Off Rom\u00e0\u2019 como en \u2018Terra de guapes\u2019.<\/p>\n\n\n\n<p class=\"wp-block-paragraph\">En paralelo, alrededor de 4.000 personas asistieron a las actividades del \u2018Off Rom\u00e0\u2019, que acercaron las artes esc\u00e9nicas a diferentes espacios urbanos de Sagunto y Puerto de Sagunto.<\/p>\n\n\n\n<p class=\"wp-block-paragraph\">La directora adjunta de Artes Esc\u00e9nicas del IVC y directora art\u00edstica del festival, Mar\u00eda Jos\u00e9 Mora, ha se\u00f1alado que \u201cla excelente acogida del p\u00fablico supone un espaldarazo a las nuevas l\u00edneas de trabajo elaboradas en la presente edici\u00f3n, entre las que destaca la presencia mayoritaria de compa\u00f1\u00edas valencianas, las acciones de mediaci\u00f3n e inclusi\u00f3n dirigidas a la ciudadan\u00eda, la expansi\u00f3n del \u2018Off Rom\u00e0\u2019 a nuevos espacios y el esfuerzo realizado en la adecuaci\u00f3n del Teatro Romano, que ha permitido ampliar su aforo hasta las 804 butacas y mejorar significativamente la experiencia del p\u00fablico mediante la incorporaci\u00f3n de elementos de accesibilidad\u201d.<\/p>\n","protected":false},"excerpt":{"rendered":"<p>Redacci\u00f3n ROTATIVO \/ Imagen: GVA El festival Sagunt a Escena, organizado por la Conselleria de Educaci\u00f3n, Cultura, Universidades a trav\u00e9s del Institut Valenci\u00e0 de Cultura (IVC), en colaboraci\u00f3n con la Diputaci\u00f3n de Valencia y el Ayuntamiento de Sagunto, concluy\u00f3 su 43\u00aa edici\u00f3n el pasado 23 de agosto tras reunir a cerca de 11.000 espectadores y [&hellip;]<\/p>\n","protected":false},"author":63,"featured_media":23633,"comment_status":"closed","ping_status":"closed","sticky":false,"template":"","format":"standard","meta":{"footnotes":""},"categories":[3,2204],"tags":[],"class_list":["post-23632","post","type-post","status-publish","format-standard","has-post-thumbnail","category-cultura","category-xweb"],"yoast_head":"<!-- This site is optimized with the Yoast SEO plugin v27.9 - https:\/\/yoast.com\/product\/yoast-seo-wordpress\/ -->\n<title>Sagunt a Escena re\u00fane a cerca de 11.000 espectadores en su 43\u00aa edici\u00f3n - El Rotativo<\/title>\n<meta name=\"robots\" content=\"index, follow, max-snippet:-1, max-image-preview:large, max-video-preview:-1\" \/>\n<link rel=\"canonical\" href=\"https:\/\/medios.uchceu.es\/elrotativo\/2026\/09\/02\/sagunt-a-escena-reune-a-cerca-de-11-000-espectadores-en-su-43a-edicion\/\" \/>\n<meta property=\"og:locale\" content=\"es_ES\" \/>\n<meta property=\"og:type\" content=\"article\" \/>\n<meta property=\"og:title\" content=\"Sagunt a Escena re\u00fane a cerca de 11.000 espectadores en su 43\u00aa edici\u00f3n - El Rotativo\" \/>\n<meta property=\"og:description\" content=\"Redacci\u00f3n ROTATIVO \/ Imagen: GVA El festival Sagunt a Escena, organizado por la Conselleria de Educaci\u00f3n, Cultura, Universidades a trav\u00e9s del Institut Valenci\u00e0 de Cultura (IVC), en colaboraci\u00f3n con la Diputaci\u00f3n de Valencia y el Ayuntamiento de Sagunto, concluy\u00f3 su 43\u00aa edici\u00f3n el pasado 23 de agosto tras reunir a cerca de 11.000 espectadores y [&hellip;]\" \/>\n<meta property=\"og:url\" content=\"https:\/\/medios.uchceu.es\/elrotativo\/2026\/09\/02\/sagunt-a-escena-reune-a-cerca-de-11-000-espectadores-en-su-43a-edicion\/\" \/>\n<meta property=\"og:site_name\" content=\"El Rotativo\" \/>\n<meta property=\"article:published_time\" content=\"2026-09-02T11:15:51+00:00\" \/>\n<meta property=\"article:modified_time\" content=\"2026-09-02T11:15:52+00:00\" \/>\n<meta property=\"og:image\" content=\"https:\/\/medios.uchceu.es\/elrotativo\/wp-content\/uploads\/sites\/3\/2026\/09\/260902_CULT_Foto_IVC_Clausura_SAE-1-scaled.jpg\" \/>\n\t<meta property=\"og:image:width\" content=\"2560\" \/>\n\t<meta property=\"og:image:height\" content=\"1920\" \/>\n\t<meta property=\"og:image:type\" content=\"image\/jpeg\" \/>\n<meta name=\"author\" content=\"Redacci\u00f3n El ROTATIVO\" \/>\n<meta name=\"twitter:card\" content=\"summary_large_image\" \/>\n<meta name=\"twitter:label1\" content=\"Escrito por\" \/>\n\t<meta name=\"twitter:data1\" content=\"Redacci\u00f3n El ROTATIVO\" \/>\n\t<meta name=\"twitter:label2\" content=\"Tiempo de lectura\" \/>\n\t<meta name=\"twitter:data2\" content=\"3 minutos\" \/>\n<script type=\"application\/ld+json\" class=\"yoast-schema-graph\">{\"@context\":\"https:\\\/\\\/schema.org\",\"@graph\":[{\"@type\":\"Article\",\"@id\":\"https:\\\/\\\/medios.uchceu.es\\\/elrotativo\\\/2026\\\/09\\\/02\\\/sagunt-a-escena-reune-a-cerca-de-11-000-espectadores-en-su-43a-edicion\\\/#article\",\"isPartOf\":{\"@id\":\"https:\\\/\\\/medios.uchceu.es\\\/elrotativo\\\/2026\\\/09\\\/02\\\/sagunt-a-escena-reune-a-cerca-de-11-000-espectadores-en-su-43a-edicion\\\/\"},\"author\":{\"name\":\"Redacci\u00f3n El ROTATIVO\",\"@id\":\"https:\\\/\\\/medios.uchceu.es\\\/elrotativo\\\/#\\\/schema\\\/person\\\/0804727c44736916739ab290cc217fc8\"},\"headline\":\"Sagunt a Escena re\u00fane a cerca de 11.000 espectadores en su 43\u00aa edici\u00f3n\",\"datePublished\":\"2026-09-02T11:15:51+00:00\",\"dateModified\":\"2026-09-02T11:15:52+00:00\",\"mainEntityOfPage\":{\"@id\":\"https:\\\/\\\/medios.uchceu.es\\\/elrotativo\\\/2026\\\/09\\\/02\\\/sagunt-a-escena-reune-a-cerca-de-11-000-espectadores-en-su-43a-edicion\\\/\"},\"wordCount\":501,\"image\":{\"@id\":\"https:\\\/\\\/medios.uchceu.es\\\/elrotativo\\\/2026\\\/09\\\/02\\\/sagunt-a-escena-reune-a-cerca-de-11-000-espectadores-en-su-43a-edicion\\\/#primaryimage\"},\"thumbnailUrl\":\"https:\\\/\\\/medios.uchceu.es\\\/elrotativo\\\/wp-content\\\/uploads\\\/sites\\\/3\\\/2026\\\/09\\\/260902_CULT_Foto_IVC_Clausura_SAE-1-scaled.jpg\",\"articleSection\":[\"Cultura\",\"xweb\"],\"inLanguage\":\"es\"},{\"@type\":\"WebPage\",\"@id\":\"https:\\\/\\\/medios.uchceu.es\\\/elrotativo\\\/2026\\\/09\\\/02\\\/sagunt-a-escena-reune-a-cerca-de-11-000-espectadores-en-su-43a-edicion\\\/\",\"url\":\"https:\\\/\\\/medios.uchceu.es\\\/elrotativo\\\/2026\\\/09\\\/02\\\/sagunt-a-escena-reune-a-cerca-de-11-000-espectadores-en-su-43a-edicion\\\/\",\"name\":\"Sagunt a Escena re\u00fane a cerca de 11.000 espectadores en su 43\u00aa edici\u00f3n - El Rotativo\",\"isPartOf\":{\"@id\":\"https:\\\/\\\/medios.uchceu.es\\\/elrotativo\\\/#website\"},\"primaryImageOfPage\":{\"@id\":\"https:\\\/\\\/medios.uchceu.es\\\/elrotativo\\\/2026\\\/09\\\/02\\\/sagunt-a-escena-reune-a-cerca-de-11-000-espectadores-en-su-43a-edicion\\\/#primaryimage\"},\"image\":{\"@id\":\"https:\\\/\\\/medios.uchceu.es\\\/elrotativo\\\/2026\\\/09\\\/02\\\/sagunt-a-escena-reune-a-cerca-de-11-000-espectadores-en-su-43a-edicion\\\/#primaryimage\"},\"thumbnailUrl\":\"https:\\\/\\\/medios.uchceu.es\\\/elrotativo\\\/wp-content\\\/uploads\\\/sites\\\/3\\\/2026\\\/09\\\/260902_CULT_Foto_IVC_Clausura_SAE-1-scaled.jpg\",\"datePublished\":\"2026-09-02T11:15:51+00:00\",\"dateModified\":\"2026-09-02T11:15:52+00:00\",\"author\":{\"@id\":\"https:\\\/\\\/medios.uchceu.es\\\/elrotativo\\\/#\\\/schema\\\/person\\\/0804727c44736916739ab290cc217fc8\"},\"breadcrumb\":{\"@id\":\"https:\\\/\\\/medios.uchceu.es\\\/elrotativo\\\/2026\\\/09\\\/02\\\/sagunt-a-escena-reune-a-cerca-de-11-000-espectadores-en-su-43a-edicion\\\/#breadcrumb\"},\"inLanguage\":\"es\",\"potentialAction\":[{\"@type\":\"ReadAction\",\"target\":[\"https:\\\/\\\/medios.uchceu.es\\\/elrotativo\\\/2026\\\/09\\\/02\\\/sagunt-a-escena-reune-a-cerca-de-11-000-espectadores-en-su-43a-edicion\\\/\"]}]},{\"@type\":\"ImageObject\",\"inLanguage\":\"es\",\"@id\":\"https:\\\/\\\/medios.uchceu.es\\\/elrotativo\\\/2026\\\/09\\\/02\\\/sagunt-a-escena-reune-a-cerca-de-11-000-espectadores-en-su-43a-edicion\\\/#primaryimage\",\"url\":\"https:\\\/\\\/medios.uchceu.es\\\/elrotativo\\\/wp-content\\\/uploads\\\/sites\\\/3\\\/2026\\\/09\\\/260902_CULT_Foto_IVC_Clausura_SAE-1-scaled.jpg\",\"contentUrl\":\"https:\\\/\\\/medios.uchceu.es\\\/elrotativo\\\/wp-content\\\/uploads\\\/sites\\\/3\\\/2026\\\/09\\\/260902_CULT_Foto_IVC_Clausura_SAE-1-scaled.jpg\",\"width\":2560,\"height\":1920},{\"@type\":\"BreadcrumbList\",\"@id\":\"https:\\\/\\\/medios.uchceu.es\\\/elrotativo\\\/2026\\\/09\\\/02\\\/sagunt-a-escena-reune-a-cerca-de-11-000-espectadores-en-su-43a-edicion\\\/#breadcrumb\",\"itemListElement\":[{\"@type\":\"ListItem\",\"position\":1,\"name\":\"Portada\",\"item\":\"https:\\\/\\\/medios.uchceu.es\\\/elrotativo\\\/\"},{\"@type\":\"ListItem\",\"position\":2,\"name\":\"Sagunt a Escena re\u00fane a cerca de 11.000 espectadores en su 43\u00aa edici\u00f3n\"}]},{\"@type\":\"WebSite\",\"@id\":\"https:\\\/\\\/medios.uchceu.es\\\/elrotativo\\\/#website\",\"url\":\"https:\\\/\\\/medios.uchceu.es\\\/elrotativo\\\/\",\"name\":\"El Rotativo\",\"description\":\"Peri\u00f3dico elaborado \u00edntegramente por los alumnos de Comunicaci\u00f3n de la Universidad CEU-UCH\",\"potentialAction\":[{\"@type\":\"SearchAction\",\"target\":{\"@type\":\"EntryPoint\",\"urlTemplate\":\"https:\\\/\\\/medios.uchceu.es\\\/elrotativo\\\/?s={search_term_string}\"},\"query-input\":{\"@type\":\"PropertyValueSpecification\",\"valueRequired\":true,\"valueName\":\"search_term_string\"}}],\"inLanguage\":\"es\"},{\"@type\":\"Person\",\"@id\":\"https:\\\/\\\/medios.uchceu.es\\\/elrotativo\\\/#\\\/schema\\\/person\\\/0804727c44736916739ab290cc217fc8\",\"name\":\"Redacci\u00f3n El ROTATIVO\",\"image\":{\"@type\":\"ImageObject\",\"inLanguage\":\"es\",\"@id\":\"https:\\\/\\\/secure.gravatar.com\\\/avatar\\\/662da92159a6f1083d879253a1c4a7c7dd8465d3f16d013900962a4a13da3a2b?s=96&d=mm&r=g\",\"url\":\"https:\\\/\\\/secure.gravatar.com\\\/avatar\\\/662da92159a6f1083d879253a1c4a7c7dd8465d3f16d013900962a4a13da3a2b?s=96&d=mm&r=g\",\"contentUrl\":\"https:\\\/\\\/secure.gravatar.com\\\/avatar\\\/662da92159a6f1083d879253a1c4a7c7dd8465d3f16d013900962a4a13da3a2b?s=96&d=mm&r=g\",\"caption\":\"Redacci\u00f3n El ROTATIVO\"},\"url\":\"https:\\\/\\\/medios.uchceu.es\\\/elrotativo\\\/author\\\/alfonsosanfeliu\\\/\"}]}<\/script>\n<!-- \/ Yoast SEO plugin. -->","yoast_head_json":{"title":"Sagunt a Escena re\u00fane a cerca de 11.000 espectadores en su 43\u00aa edici\u00f3n - El Rotativo","robots":{"index":"index","follow":"follow","max-snippet":"max-snippet:-1","max-image-preview":"max-image-preview:large","max-video-preview":"max-video-preview:-1"},"canonical":"https:\/\/medios.uchceu.es\/elrotativo\/2026\/09\/02\/sagunt-a-escena-reune-a-cerca-de-11-000-espectadores-en-su-43a-edicion\/","og_locale":"es_ES","og_type":"article","og_title":"Sagunt a Escena re\u00fane a cerca de 11.000 espectadores en su 43\u00aa edici\u00f3n - El Rotativo","og_description":"Redacci\u00f3n ROTATIVO \/ Imagen: GVA El festival Sagunt a Escena, organizado por la Conselleria de Educaci\u00f3n, Cultura, Universidades a trav\u00e9s del Institut Valenci\u00e0 de Cultura (IVC), en colaboraci\u00f3n con la Diputaci\u00f3n de Valencia y el Ayuntamiento de Sagunto, concluy\u00f3 su 43\u00aa edici\u00f3n el pasado 23 de agosto tras reunir a cerca de 11.000 espectadores y [&hellip;]","og_url":"https:\/\/medios.uchceu.es\/elrotativo\/2026\/09\/02\/sagunt-a-escena-reune-a-cerca-de-11-000-espectadores-en-su-43a-edicion\/","og_site_name":"El Rotativo","article_published_time":"2026-09-02T11:15:51+00:00","article_modified_time":"2026-09-02T11:15:52+00:00","og_image":[{"width":2560,"height":1920,"url":"https:\/\/medios.uchceu.es\/elrotativo\/wp-content\/uploads\/sites\/3\/2026\/09\/260902_CULT_Foto_IVC_Clausura_SAE-1-scaled.jpg","type":"image\/jpeg"}],"author":"Redacci\u00f3n El ROTATIVO","twitter_card":"summary_large_image","twitter_misc":{"Escrito por":"Redacci\u00f3n El ROTATIVO","Tiempo de lectura":"3 minutos"},"schema":{"@context":"https:\/\/schema.org","@graph":[{"@type":"Article","@id":"https:\/\/medios.uchceu.es\/elrotativo\/2026\/09\/02\/sagunt-a-escena-reune-a-cerca-de-11-000-espectadores-en-su-43a-edicion\/#article","isPartOf":{"@id":"https:\/\/medios.uchceu.es\/elrotativo\/2026\/09\/02\/sagunt-a-escena-reune-a-cerca-de-11-000-espectadores-en-su-43a-edicion\/"},"author":{"name":"Redacci\u00f3n El ROTATIVO","@id":"https:\/\/medios.uchceu.es\/elrotativo\/#\/schema\/person\/0804727c44736916739ab290cc217fc8"},"headline":"Sagunt a Escena re\u00fane a cerca de 11.000 espectadores en su 43\u00aa edici\u00f3n","datePublished":"2026-09-02T11:15:51+00:00","dateModified":"2026-09-02T11:15:52+00:00","mainEntityOfPage":{"@id":"https:\/\/medios.uchceu.es\/elrotativo\/2026\/09\/02\/sagunt-a-escena-reune-a-cerca-de-11-000-espectadores-en-su-43a-edicion\/"},"wordCount":501,"image":{"@id":"https:\/\/medios.uchceu.es\/elrotativo\/2026\/09\/02\/sagunt-a-escena-reune-a-cerca-de-11-000-espectadores-en-su-43a-edicion\/#primaryimage"},"thumbnailUrl":"https:\/\/medios.uchceu.es\/elrotativo\/wp-content\/uploads\/sites\/3\/2026\/09\/260902_CULT_Foto_IVC_Clausura_SAE-1-scaled.jpg","articleSection":["Cultura","xweb"],"inLanguage":"es"},{"@type":"WebPage","@id":"https:\/\/medios.uchceu.es\/elrotativo\/2026\/09\/02\/sagunt-a-escena-reune-a-cerca-de-11-000-espectadores-en-su-43a-edicion\/","url":"https:\/\/medios.uchceu.es\/elrotativo\/2026\/09\/02\/sagunt-a-escena-reune-a-cerca-de-11-000-espectadores-en-su-43a-edicion\/","name":"Sagunt a Escena re\u00fane a cerca de 11.000 espectadores en su 43\u00aa edici\u00f3n - El Rotativo","isPartOf":{"@id":"https:\/\/medios.uchceu.es\/elrotativo\/#website"},"primaryImageOfPage":{"@id":"https:\/\/medios.uchceu.es\/elrotativo\/2026\/09\/02\/sagunt-a-escena-reune-a-cerca-de-11-000-espectadores-en-su-43a-edicion\/#primaryimage"},"image":{"@id":"https:\/\/medios.uchceu.es\/elrotativo\/2026\/09\/02\/sagunt-a-escena-reune-a-cerca-de-11-000-espectadores-en-su-43a-edicion\/#primaryimage"},"thumbnailUrl":"https:\/\/medios.uchceu.es\/elrotativo\/wp-content\/uploads\/sites\/3\/2026\/09\/260902_CULT_Foto_IVC_Clausura_SAE-1-scaled.jpg","datePublished":"2026-09-02T11:15:51+00:00","dateModified":"2026-09-02T11:15:52+00:00","author":{"@id":"https:\/\/medios.uchceu.es\/elrotativo\/#\/schema\/person\/0804727c44736916739ab290cc217fc8"},"breadcrumb":{"@id":"https:\/\/medios.uchceu.es\/elrotativo\/2026\/09\/02\/sagunt-a-escena-reune-a-cerca-de-11-000-espectadores-en-su-43a-edicion\/#breadcrumb"},"inLanguage":"es","potentialAction":[{"@type":"ReadAction","target":["https:\/\/medios.uchceu.es\/elrotativo\/2026\/09\/02\/sagunt-a-escena-reune-a-cerca-de-11-000-espectadores-en-su-43a-edicion\/"]}]},{"@type":"ImageObject","inLanguage":"es","@id":"https:\/\/medios.uchceu.es\/elrotativo\/2026\/09\/02\/sagunt-a-escena-reune-a-cerca-de-11-000-espectadores-en-su-43a-edicion\/#primaryimage","url":"https:\/\/medios.uchceu.es\/elrotativo\/wp-content\/uploads\/sites\/3\/2026\/09\/260902_CULT_Foto_IVC_Clausura_SAE-1-scaled.jpg","contentUrl":"https:\/\/medios.uchceu.es\/elrotativo\/wp-content\/uploads\/sites\/3\/2026\/09\/260902_CULT_Foto_IVC_Clausura_SAE-1-scaled.jpg","width":2560,"height":1920},{"@type":"BreadcrumbList","@id":"https:\/\/medios.uchceu.es\/elrotativo\/2026\/09\/02\/sagunt-a-escena-reune-a-cerca-de-11-000-espectadores-en-su-43a-edicion\/#breadcrumb","itemListElement":[{"@type":"ListItem","position":1,"name":"Portada","item":"https:\/\/medios.uchceu.es\/elrotativo\/"},{"@type":"ListItem","position":2,"name":"Sagunt a Escena re\u00fane a cerca de 11.000 espectadores en su 43\u00aa edici\u00f3n"}]},{"@type":"WebSite","@id":"https:\/\/medios.uchceu.es\/elrotativo\/#website","url":"https:\/\/medios.uchceu.es\/elrotativo\/","name":"El Rotativo","description":"Peri\u00f3dico elaborado \u00edntegramente por los alumnos de Comunicaci\u00f3n de la Universidad CEU-UCH","potentialAction":[{"@type":"SearchAction","target":{"@type":"EntryPoint","urlTemplate":"https:\/\/medios.uchceu.es\/elrotativo\/?s={search_term_string}"},"query-input":{"@type":"PropertyValueSpecification","valueRequired":true,"valueName":"search_term_string"}}],"inLanguage":"es"},{"@type":"Person","@id":"https:\/\/medios.uchceu.es\/elrotativo\/#\/schema\/person\/0804727c44736916739ab290cc217fc8","name":"Redacci\u00f3n El ROTATIVO","image":{"@type":"ImageObject","inLanguage":"es","@id":"https:\/\/secure.gravatar.com\/avatar\/662da92159a6f1083d879253a1c4a7c7dd8465d3f16d013900962a4a13da3a2b?s=96&d=mm&r=g","url":"https:\/\/secure.gravatar.com\/avatar\/662da92159a6f1083d879253a1c4a7c7dd8465d3f16d013900962a4a13da3a2b?s=96&d=mm&r=g","contentUrl":"https:\/\/secure.gravatar.com\/avatar\/662da92159a6f1083d879253a1c4a7c7dd8465d3f16d013900962a4a13da3a2b?s=96&d=mm&r=g","caption":"Redacci\u00f3n El ROTATIVO"},"url":"https:\/\/medios.uchceu.es\/elrotativo\/author\/alfonsosanfeliu\/"}]}},"_links":{"self":[{"href":"https:\/\/medios.uchceu.es\/elrotativo\/wp-json\/wp\/v2\/posts\/23632","targetHints":{"allow":["GET"]}}],"collection":[{"href":"https:\/\/medios.uchceu.es\/elrotativo\/wp-json\/wp\/v2\/posts"}],"about":[{"href":"https:\/\/medios.uchceu.es\/elrotativo\/wp-json\/wp\/v2\/types\/post"}],"author":[{"embeddable":true,"href":"https:\/\/medios.uchceu.es\/elrotativo\/wp-json\/wp\/v2\/users\/63"}],"replies":[{"embeddable":true,"href":"https:\/\/medios.uchceu.es\/elrotativo\/wp-json\/wp\/v2\/comments?post=23632"}],"version-history":[{"count":1,"href":"https:\/\/medios.uchceu.es\/elrotativo\/wp-json\/wp\/v2\/posts\/23632\/revisions"}],"predecessor-version":[{"id":23634,"href":"https:\/\/medios.uchceu.es\/elrotativo\/wp-json\/wp\/v2\/posts\/23632\/revisions\/23634"}],"wp:featuredmedia":[{"embeddable":true,"href":"https:\/\/medios.uchceu.es\/elrotativo\/wp-json\/wp\/v2\/media\/23633"}],"wp:attachment":[{"href":"https:\/\/medios.uchceu.es\/elrotativo\/wp-json\/wp\/v2\/media?parent=23632"}],"wp:term":[{"taxonomy":"category","embeddable":true,"href":"https:\/\/medios.uchceu.es\/elrotativo\/wp-json\/wp\/v2\/categories?post=23632"},{"taxonomy":"post_tag","embeddable":true,"href":"https:\/\/medios.uchceu.es\/elrotativo\/wp-json\/wp\/v2\/tags?post=23632"}],"curies":[{"name":"wp","href":"https:\/\/api.w.org\/{rel}","templated":true}]}}