{"id":200303,"date":"2026-09-04T10:13:44","date_gmt":"2026-09-04T08:13:44","guid":{"rendered":"https:\/\/medios.uchceu.es\/actualidad-ceu\/?p=200303"},"modified":"2026-09-04T12:40:59","modified_gmt":"2026-09-04T10:40:59","slug":"la-ceu-uch-da-la-bienvenida-a-mas-de-2-800-nuevos-estudiantes-en-un-curso-record-de-matriculacion","status":"publish","type":"post","link":"https:\/\/medios.uchceu.es\/actualidad-ceu\/la-ceu-uch-da-la-bienvenida-a-mas-de-2-800-nuevos-estudiantes-en-un-curso-record-de-matriculacion\/","title":{"rendered":"La CEU UCH da la bienvenida a m\u00e1s de 2.800 nuevos estudiantes en un curso r\u00e9cord de matriculaci\u00f3n"},"content":{"rendered":"<ul>\n<li><strong>La Universidad CEU Cardenal Herrera recibe este a\u00f1o a m\u00e1s de 2.800 alumnos de nuevo ingreso en sus campus de Valencia, Castell\u00f3n y Elche, y ampl\u00eda su oferta acad\u00e9mica con nuevas titulaciones<\/strong><\/li>\n<\/ul>\n<p>La Universidad CEU Cardenal Herrera (CEU UCH) ha celebrado esta semana las Jornadas de Bienvenida para los m\u00e1s de 2.800 estudiantes, nacionales e internacionales, que se incorporan este curso a sus campus de Valencia, Castell\u00f3n y Elche. Un inicio acad\u00e9mico especialmente significativo para la instituci\u00f3n, que alcanza cifras r\u00e9cord tanto en n\u00famero de titulaciones como de nuevos alumnos de grado.<\/p>\n<div id='gallery-1' class='gallery galleryid-200303 gallery-columns-2 gallery-size-large'><figure class='gallery-item'>\n\t\t\t<div class='gallery-icon landscape'>\n\t\t\t\t<img loading=\"lazy\" decoding=\"async\" width=\"696\" height=\"464\" src=\"https:\/\/medios.uchceu.es\/actualidad-ceu\/wp-content\/uploads\/sites\/2\/2026\/09\/CEU-Bienvenida-26-27-1o-1060x706.jpg\" class=\"attachment-large size-large\" alt=\"\" srcset=\"https:\/\/medios.uchceu.es\/actualidad-ceu\/wp-content\/uploads\/sites\/2\/2026\/09\/CEU-Bienvenida-26-27-1o-1060x706.jpg 1060w, https:\/\/medios.uchceu.es\/actualidad-ceu\/wp-content\/uploads\/sites\/2\/2026\/09\/CEU-Bienvenida-26-27-1o-300x200.jpg 300w, https:\/\/medios.uchceu.es\/actualidad-ceu\/wp-content\/uploads\/sites\/2\/2026\/09\/CEU-Bienvenida-26-27-1o-768x512.jpg 768w, https:\/\/medios.uchceu.es\/actualidad-ceu\/wp-content\/uploads\/sites\/2\/2026\/09\/CEU-Bienvenida-26-27-1o-1536x1024.jpg 1536w, https:\/\/medios.uchceu.es\/actualidad-ceu\/wp-content\/uploads\/sites\/2\/2026\/09\/CEU-Bienvenida-26-27-1o-150x100.jpg 150w, https:\/\/medios.uchceu.es\/actualidad-ceu\/wp-content\/uploads\/sites\/2\/2026\/09\/CEU-Bienvenida-26-27-1o-696x464.jpg 696w, https:\/\/medios.uchceu.es\/actualidad-ceu\/wp-content\/uploads\/sites\/2\/2026\/09\/CEU-Bienvenida-26-27-1o-1068x712.jpg 1068w, https:\/\/medios.uchceu.es\/actualidad-ceu\/wp-content\/uploads\/sites\/2\/2026\/09\/CEU-Bienvenida-26-27-1o-1920x1280.jpg 1920w, https:\/\/medios.uchceu.es\/actualidad-ceu\/wp-content\/uploads\/sites\/2\/2026\/09\/CEU-Bienvenida-26-27-1o-630x420.jpg 630w, https:\/\/medios.uchceu.es\/actualidad-ceu\/wp-content\/uploads\/sites\/2\/2026\/09\/CEU-Bienvenida-26-27-1o.jpg 2048w\" sizes=\"auto, (max-width: 696px) 100vw, 696px\" \/>\n\t\t\t<\/div><\/figure><figure class='gallery-item'>\n\t\t\t<div class='gallery-icon landscape'>\n\t\t\t\t<img loading=\"lazy\" decoding=\"async\" width=\"696\" height=\"464\" src=\"https:\/\/medios.uchceu.es\/actualidad-ceu\/wp-content\/uploads\/sites\/2\/2026\/09\/CEU-Bienvenida_26-27-2a-1060x706.jpg\" class=\"attachment-large size-large\" alt=\"\" srcset=\"https:\/\/medios.uchceu.es\/actualidad-ceu\/wp-content\/uploads\/sites\/2\/2026\/09\/CEU-Bienvenida_26-27-2a-1060x706.jpg 1060w, https:\/\/medios.uchceu.es\/actualidad-ceu\/wp-content\/uploads\/sites\/2\/2026\/09\/CEU-Bienvenida_26-27-2a-300x200.jpg 300w, https:\/\/medios.uchceu.es\/actualidad-ceu\/wp-content\/uploads\/sites\/2\/2026\/09\/CEU-Bienvenida_26-27-2a-768x512.jpg 768w, https:\/\/medios.uchceu.es\/actualidad-ceu\/wp-content\/uploads\/sites\/2\/2026\/09\/CEU-Bienvenida_26-27-2a-1536x1024.jpg 1536w, https:\/\/medios.uchceu.es\/actualidad-ceu\/wp-content\/uploads\/sites\/2\/2026\/09\/CEU-Bienvenida_26-27-2a-150x100.jpg 150w, https:\/\/medios.uchceu.es\/actualidad-ceu\/wp-content\/uploads\/sites\/2\/2026\/09\/CEU-Bienvenida_26-27-2a-696x464.jpg 696w, https:\/\/medios.uchceu.es\/actualidad-ceu\/wp-content\/uploads\/sites\/2\/2026\/09\/CEU-Bienvenida_26-27-2a-1068x712.jpg 1068w, https:\/\/medios.uchceu.es\/actualidad-ceu\/wp-content\/uploads\/sites\/2\/2026\/09\/CEU-Bienvenida_26-27-2a-1920x1280.jpg 1920w, https:\/\/medios.uchceu.es\/actualidad-ceu\/wp-content\/uploads\/sites\/2\/2026\/09\/CEU-Bienvenida_26-27-2a-630x420.jpg 630w, https:\/\/medios.uchceu.es\/actualidad-ceu\/wp-content\/uploads\/sites\/2\/2026\/09\/CEU-Bienvenida_26-27-2a.jpg 2048w\" sizes=\"auto, (max-width: 696px) 100vw, 696px\" \/>\n\t\t\t<\/div><\/figure>\n\t\t<\/div>\n\n<p>El rector de la CEU UCH, <a href=\"https:\/\/www.uchceu.es\/directorio\/higiniom\"><strong>Higinio Mar\u00edn<\/strong><\/a>, ha destacado el car\u00e1cter especial de este curso para la Universidad: <strong>\u201cNunca hemos tenido tantos grados y nunca hemos tenido tantos nuevos estudiantes de grado, lo cual no es solo un r\u00e9cord sino tambi\u00e9n una manifestaci\u00f3n de confianza y de valoraci\u00f3n p\u00fablica de nuestra reputaci\u00f3n acad\u00e9mica\u201d.<\/strong><\/p>\n<p>A lo largo de las Jornadas de Bienvenida en la CEU UCH, los estudiantes de nuevo ingreso han tenido la oportunidad de conocer de cerca el funcionamiento de la Universidad, descubrir los servicios que tienen a su disposici\u00f3n y comenzar a crear los primeros v\u00ednculos con la comunidad universitaria.<\/p>\n<p>El programa ha incluido encuentros con los responsables de las distintas facultades y la actividad \u00abConoce tu Campus\u00bb, una iniciativa dise\u00f1ada para que los alumnos se familiaricen con los espacios universitarios, las facultades y los distintos recursos que los acompa\u00f1ar\u00e1n durante su etapa formativa.<\/p>\n<p><strong>Una universidad internacional<\/strong><\/p>\n<p>Asimismo,\u00a0se ha celebrado\u00a0un acto de bienvenida para los <strong>estudiantes internacionales<\/strong> de movilidad del <strong>programa Erasmus+<\/strong> que\u00a0cursar\u00e1n\u00a0el primer semestre o el curso completo en la instituci\u00f3n. El acto\u00a0ha estado presidido\u00a0por el adjunto al Vicerrector de Internacionalizaci\u00f3n y Posgrado, <a href=\"https:\/\/www.uchceu.es\/directorio\/jordi-lopez1\">Jordi L\u00f3pez<\/a>, quien\u00a0ha dado\u00a0la bienvenida a los nuevos alumnos y\u00a0ha destacado\u00a0el valor de la <strong>experiencia internacional<\/strong> tanto para su formaci\u00f3n acad\u00e9mica como personal. En total,\u00a0170 estudiantes procedentes de m\u00e1s de 20 pa\u00edses se han incorporado\u00a0este curso a la CEU UCH, reforzando as\u00ed el car\u00e1cter global de la universidad.<\/p>\n<div id='gallery-2' class='gallery galleryid-200303 gallery-columns-2 gallery-size-large'><figure class='gallery-item'>\n\t\t\t<div class='gallery-icon landscape'>\n\t\t\t\t<img loading=\"lazy\" decoding=\"async\" width=\"696\" height=\"391\" src=\"https:\/\/medios.uchceu.es\/actualidad-ceu\/wp-content\/uploads\/sites\/2\/2026\/09\/welcome-erasmus-1060x596.jpeg\" class=\"attachment-large size-large\" alt=\"\" srcset=\"https:\/\/medios.uchceu.es\/actualidad-ceu\/wp-content\/uploads\/sites\/2\/2026\/09\/welcome-erasmus-1060x596.jpeg 1060w, https:\/\/medios.uchceu.es\/actualidad-ceu\/wp-content\/uploads\/sites\/2\/2026\/09\/welcome-erasmus-300x169.jpeg 300w, https:\/\/medios.uchceu.es\/actualidad-ceu\/wp-content\/uploads\/sites\/2\/2026\/09\/welcome-erasmus-768x432.jpeg 768w, https:\/\/medios.uchceu.es\/actualidad-ceu\/wp-content\/uploads\/sites\/2\/2026\/09\/welcome-erasmus-310x174.jpeg 310w, https:\/\/medios.uchceu.es\/actualidad-ceu\/wp-content\/uploads\/sites\/2\/2026\/09\/welcome-erasmus-1536x864.jpeg 1536w, https:\/\/medios.uchceu.es\/actualidad-ceu\/wp-content\/uploads\/sites\/2\/2026\/09\/welcome-erasmus-150x84.jpeg 150w, https:\/\/medios.uchceu.es\/actualidad-ceu\/wp-content\/uploads\/sites\/2\/2026\/09\/welcome-erasmus-696x392.jpeg 696w, https:\/\/medios.uchceu.es\/actualidad-ceu\/wp-content\/uploads\/sites\/2\/2026\/09\/welcome-erasmus-1068x601.jpeg 1068w, https:\/\/medios.uchceu.es\/actualidad-ceu\/wp-content\/uploads\/sites\/2\/2026\/09\/welcome-erasmus-747x420.jpeg 747w, https:\/\/medios.uchceu.es\/actualidad-ceu\/wp-content\/uploads\/sites\/2\/2026\/09\/welcome-erasmus.jpeg 1600w\" sizes=\"auto, (max-width: 696px) 100vw, 696px\" \/>\n\t\t\t<\/div><\/figure><figure class='gallery-item'>\n\t\t\t<div class='gallery-icon landscape'>\n\t\t\t\t<img loading=\"lazy\" decoding=\"async\" width=\"696\" height=\"391\" src=\"https:\/\/medios.uchceu.es\/actualidad-ceu\/wp-content\/uploads\/sites\/2\/2026\/09\/bienvenida-movilidad-1060x596.jpeg\" class=\"attachment-large size-large\" alt=\"\" srcset=\"https:\/\/medios.uchceu.es\/actualidad-ceu\/wp-content\/uploads\/sites\/2\/2026\/09\/bienvenida-movilidad-1060x596.jpeg 1060w, https:\/\/medios.uchceu.es\/actualidad-ceu\/wp-content\/uploads\/sites\/2\/2026\/09\/bienvenida-movilidad-300x169.jpeg 300w, https:\/\/medios.uchceu.es\/actualidad-ceu\/wp-content\/uploads\/sites\/2\/2026\/09\/bienvenida-movilidad-768x432.jpeg 768w, https:\/\/medios.uchceu.es\/actualidad-ceu\/wp-content\/uploads\/sites\/2\/2026\/09\/bienvenida-movilidad-310x174.jpeg 310w, https:\/\/medios.uchceu.es\/actualidad-ceu\/wp-content\/uploads\/sites\/2\/2026\/09\/bienvenida-movilidad-1536x864.jpeg 1536w, https:\/\/medios.uchceu.es\/actualidad-ceu\/wp-content\/uploads\/sites\/2\/2026\/09\/bienvenida-movilidad-150x84.jpeg 150w, https:\/\/medios.uchceu.es\/actualidad-ceu\/wp-content\/uploads\/sites\/2\/2026\/09\/bienvenida-movilidad-696x392.jpeg 696w, https:\/\/medios.uchceu.es\/actualidad-ceu\/wp-content\/uploads\/sites\/2\/2026\/09\/bienvenida-movilidad-1068x601.jpeg 1068w, https:\/\/medios.uchceu.es\/actualidad-ceu\/wp-content\/uploads\/sites\/2\/2026\/09\/bienvenida-movilidad-747x420.jpeg 747w, https:\/\/medios.uchceu.es\/actualidad-ceu\/wp-content\/uploads\/sites\/2\/2026\/09\/bienvenida-movilidad.jpeg 1600w\" sizes=\"auto, (max-width: 696px) 100vw, 696px\" \/>\n\t\t\t<\/div><\/figure>\n\t\t<\/div>\n\n<p><strong>M\u00e1s all\u00e1 de las aulas<\/strong><\/p>\n<p>Las Jornadas de Bienvenida han acogido tambi\u00e9n la <strong>Feria de los Clubes y Servicios Universitarios<\/strong>, un espacio en el que los estudiantes han podido conocer las actividades extracurriculares que <strong>complementan su formaci\u00f3n acad\u00e9mica<\/strong> y enriquecen la experiencia universitaria. Teatro, cine, cer\u00e1mica, fotograf\u00eda, debate, ecolog\u00eda y clubes deportivos forman parte de una amplia oferta orientada a fomentar la participaci\u00f3n, el <strong>desarrollo personal<\/strong> y la creaci\u00f3n de <strong>nuevas relaciones<\/strong> dentro del campus.<\/p>\n<p>Durante la feria, han descubierto tambi\u00e9n algunos de los principales servicios universitarios, entre ellos orientaci\u00f3n profesional, emprendimiento, voluntariado, idiomas, biblioteca y deportes, recursos que contribuyen a una formaci\u00f3n integral m\u00e1s all\u00e1 del aula.<\/p>\n<div id='gallery-3' class='gallery galleryid-200303 gallery-columns-2 gallery-size-large'><figure class='gallery-item'>\n\t\t\t<div class='gallery-icon landscape'>\n\t\t\t\t<a href='https:\/\/medios.uchceu.es\/actualidad-ceu\/la-ceu-uch-da-la-bienvenida-a-mas-de-2-800-nuevos-estudiantes-en-un-curso-record-de-matriculacion\/ceu-bienvenida_26-27-4a\/'><img loading=\"lazy\" decoding=\"async\" width=\"696\" height=\"464\" src=\"https:\/\/medios.uchceu.es\/actualidad-ceu\/wp-content\/uploads\/sites\/2\/2026\/09\/CEU-Bienvenida_26-27-4a-1060x706.jpg\" class=\"attachment-large size-large\" alt=\"\" srcset=\"https:\/\/medios.uchceu.es\/actualidad-ceu\/wp-content\/uploads\/sites\/2\/2026\/09\/CEU-Bienvenida_26-27-4a-1060x706.jpg 1060w, https:\/\/medios.uchceu.es\/actualidad-ceu\/wp-content\/uploads\/sites\/2\/2026\/09\/CEU-Bienvenida_26-27-4a-300x200.jpg 300w, https:\/\/medios.uchceu.es\/actualidad-ceu\/wp-content\/uploads\/sites\/2\/2026\/09\/CEU-Bienvenida_26-27-4a-768x512.jpg 768w, https:\/\/medios.uchceu.es\/actualidad-ceu\/wp-content\/uploads\/sites\/2\/2026\/09\/CEU-Bienvenida_26-27-4a-1536x1024.jpg 1536w, https:\/\/medios.uchceu.es\/actualidad-ceu\/wp-content\/uploads\/sites\/2\/2026\/09\/CEU-Bienvenida_26-27-4a-150x100.jpg 150w, https:\/\/medios.uchceu.es\/actualidad-ceu\/wp-content\/uploads\/sites\/2\/2026\/09\/CEU-Bienvenida_26-27-4a-696x464.jpg 696w, https:\/\/medios.uchceu.es\/actualidad-ceu\/wp-content\/uploads\/sites\/2\/2026\/09\/CEU-Bienvenida_26-27-4a-1068x712.jpg 1068w, https:\/\/medios.uchceu.es\/actualidad-ceu\/wp-content\/uploads\/sites\/2\/2026\/09\/CEU-Bienvenida_26-27-4a-1920x1280.jpg 1920w, https:\/\/medios.uchceu.es\/actualidad-ceu\/wp-content\/uploads\/sites\/2\/2026\/09\/CEU-Bienvenida_26-27-4a-630x420.jpg 630w, https:\/\/medios.uchceu.es\/actualidad-ceu\/wp-content\/uploads\/sites\/2\/2026\/09\/CEU-Bienvenida_26-27-4a.jpg 2048w\" sizes=\"auto, (max-width: 696px) 100vw, 696px\" \/><\/a>\n\t\t\t<\/div><\/figure><figure class='gallery-item'>\n\t\t\t<div class='gallery-icon landscape'>\n\t\t\t\t<a href='https:\/\/medios.uchceu.es\/actualidad-ceu\/la-ceu-uch-da-la-bienvenida-a-mas-de-2-800-nuevos-estudiantes-en-un-curso-record-de-matriculacion\/ceu-bienvenida_26-27-3a\/'><img loading=\"lazy\" decoding=\"async\" width=\"696\" height=\"464\" src=\"https:\/\/medios.uchceu.es\/actualidad-ceu\/wp-content\/uploads\/sites\/2\/2026\/09\/CEU-Bienvenida_26-27-3a-1060x706.jpg\" class=\"attachment-large size-large\" alt=\"\" srcset=\"https:\/\/medios.uchceu.es\/actualidad-ceu\/wp-content\/uploads\/sites\/2\/2026\/09\/CEU-Bienvenida_26-27-3a-1060x706.jpg 1060w, https:\/\/medios.uchceu.es\/actualidad-ceu\/wp-content\/uploads\/sites\/2\/2026\/09\/CEU-Bienvenida_26-27-3a-300x200.jpg 300w, https:\/\/medios.uchceu.es\/actualidad-ceu\/wp-content\/uploads\/sites\/2\/2026\/09\/CEU-Bienvenida_26-27-3a-768x512.jpg 768w, https:\/\/medios.uchceu.es\/actualidad-ceu\/wp-content\/uploads\/sites\/2\/2026\/09\/CEU-Bienvenida_26-27-3a-1536x1024.jpg 1536w, https:\/\/medios.uchceu.es\/actualidad-ceu\/wp-content\/uploads\/sites\/2\/2026\/09\/CEU-Bienvenida_26-27-3a-150x100.jpg 150w, https:\/\/medios.uchceu.es\/actualidad-ceu\/wp-content\/uploads\/sites\/2\/2026\/09\/CEU-Bienvenida_26-27-3a-696x464.jpg 696w, https:\/\/medios.uchceu.es\/actualidad-ceu\/wp-content\/uploads\/sites\/2\/2026\/09\/CEU-Bienvenida_26-27-3a-1068x712.jpg 1068w, https:\/\/medios.uchceu.es\/actualidad-ceu\/wp-content\/uploads\/sites\/2\/2026\/09\/CEU-Bienvenida_26-27-3a-1920x1280.jpg 1920w, https:\/\/medios.uchceu.es\/actualidad-ceu\/wp-content\/uploads\/sites\/2\/2026\/09\/CEU-Bienvenida_26-27-3a-630x420.jpg 630w, https:\/\/medios.uchceu.es\/actualidad-ceu\/wp-content\/uploads\/sites\/2\/2026\/09\/CEU-Bienvenida_26-27-3a.jpg 2048w\" sizes=\"auto, (max-width: 696px) 100vw, 696px\" \/><\/a>\n\t\t\t<\/div><\/figure>\n\t\t<\/div>\n\n<p><strong>Nuevas titulaciones para un curso de crecimiento<\/strong><\/p>\n<p>La CEU UCH ha ampliado este curso su oferta acad\u00e9mica con la incorporaci\u00f3n de nuevas titulaciones. Entre las novedades destacan el Grado en <strong>F\u00edsica,<\/strong> el Grado en <strong>Ingenier\u00eda Matem\u00e1tica<\/strong>, el Doble Grado en <strong>Ciencias Pol\u00edticas y Relaciones Internacionales<\/strong>, el Grado en <strong>Historia y Pensamiento<\/strong> y el Grado en <strong>Inteligencia de los Negocios<\/strong>.<\/p>\n<p>Estas incorporaciones refuerzan un modelo educativo centrado en la formaci\u00f3n pr\u00e1ctica, las metodolog\u00edas activas y la estrecha colaboraci\u00f3n con empresas e instituciones, con el objetivo de responder a los nuevos retos profesionales y sociales y ofrecer a los estudiantes una preparaci\u00f3n alineada con las demandas del mercado laboral.<\/p>\n<p><strong>Empleabilidad, excelencia y formaci\u00f3n complementaria<\/strong><\/p>\n<p>La ampliaci\u00f3n de titulaciones y el incremento de alumnado conviven con <strong>otros ejes formativos<\/strong> que la Universidad mantiene este curso. Entre ellos se encuentra el <strong>Diploma Universitario de Experto en Desarrollo Personal y Profesional para la Empleabilidad<\/strong>, un programa gratuito que acompa\u00f1a la formaci\u00f3n y trabaja competencias en idiomas, habilidades digitales, desarrollo profesional, emprendimiento, comunicaci\u00f3n, liderazgo y trabajo en equipo. El diploma incorpora tambi\u00e9n una dimensi\u00f3n human\u00edstica vinculada a la formaci\u00f3n del car\u00e1cter, la solidaridad y el compromiso social.<\/p>\n<p>Por otra parte, el <strong>Plan de Excelencia<\/strong> se mantiene como uno de los ejes estrat\u00e9gicos. Este programa selecciona a estudiantes de alto rendimiento y les ofrece formaci\u00f3n complementaria en investigaci\u00f3n, empleabilidad, cultura e idiomas. En el curso 2025-2026 participaron en este programa m\u00e1s de 300 alumnos.<\/p>\n<p><a href=\"https:\/\/www.flickr.com\/photos\/uchceu\/albums\/72177720335472249\">\u00c1LBUM JORNADAS DE BIENVENIDA 26\/27<\/a><\/p>\n","protected":false},"excerpt":{"rendered":"<p>La Universidad CEU Cardenal Herrera recibe este a\u00f1o a m\u00e1s de 2.800 alumnos de nuevo ingreso en sus campus de Valencia, Castell\u00f3n y Elche, y ampl\u00eda su oferta acad\u00e9mica con nuevas titulaciones La Universidad CEU Cardenal Herrera (CEU UCH) ha celebrado esta semana las Jornadas de Bienvenida para los m\u00e1s de 2.800 estudiantes, nacionales e [&hellip;]<\/p>\n","protected":false},"author":128,"featured_media":200305,"comment_status":"closed","ping_status":"closed","sticky":false,"template":"","format":"standard","meta":{"_uag_custom_page_level_css":"","footnotes":""},"categories":[1410,12,1750,31,1752,26,1843,1850,1793,38,1754,761,17,1757,1090],"tags":[607,85],"class_list":["post-200303","post","type-post","status-publish","format-standard","has-post-thumbnail","category-es-noticia","category-gente-ceu","category-nota-de-prensa-valencia-en","category-nota-de-prensa-valencia","category-x-alumnos-home-fr","category-x-cuadritos-home","category-x-slider-campus-valencia-en","category-x-slider-campus-valencia-fr","category-x-slider-home-en","category-x-slider-home","category-x-slider-home-fr","category-destacada-web","category-xmaquetacion","category-destacada_home2-en","category-destacada_home2","tag-alumnos-gente-ceu","tag-campus-valencia"],"yoast_head":"<!-- This site is optimized with the Yoast SEO plugin v27.9 - https:\/\/yoast.com\/product\/yoast-seo-wordpress\/ -->\n<title>La CEU UCH da la bienvenida a m\u00e1s de 2.800 nuevos estudiantes en un curso r\u00e9cord de matriculaci\u00f3n<\/title>\n<meta name=\"description\" content=\"La Universidad CEU Cardenal Herrera recibe este a\u00f1o a m\u00e1s de 2.800 alumnos de nuevo ingreso en sus campus de Valencia, Castell\u00f3n y Elche, y ampl\u00eda su oferta acad\u00e9mica con nuevas titulaciones\" \/>\n<meta name=\"robots\" content=\"index, follow, max-snippet:-1, max-image-preview:large, max-video-preview:-1\" \/>\n<link rel=\"canonical\" href=\"https:\/\/medios.uchceu.es\/actualidad-ceu\/la-ceu-uch-da-la-bienvenida-a-mas-de-2-800-nuevos-estudiantes-en-un-curso-record-de-matriculacion\/\" \/>\n<meta property=\"og:locale\" content=\"es_ES\" \/>\n<meta property=\"og:type\" content=\"article\" \/>\n<meta property=\"og:title\" content=\"La CEU UCH da la bienvenida a m\u00e1s de 2.800 nuevos estudiantes en un curso r\u00e9cord de matriculaci\u00f3n\" \/>\n<meta property=\"og:description\" content=\"La Universidad CEU Cardenal Herrera recibe este a\u00f1o a m\u00e1s de 2.800 alumnos de nuevo ingreso en sus campus de Valencia, Castell\u00f3n y Elche, y ampl\u00eda su oferta acad\u00e9mica con nuevas titulaciones\" \/>\n<meta property=\"og:url\" content=\"https:\/\/medios.uchceu.es\/actualidad-ceu\/la-ceu-uch-da-la-bienvenida-a-mas-de-2-800-nuevos-estudiantes-en-un-curso-record-de-matriculacion\/\" \/>\n<meta property=\"og:site_name\" content=\"Actualidad CEU\" \/>\n<meta property=\"article:publisher\" content=\"https:\/\/www.facebook.com\/UCHCEU\" \/>\n<meta property=\"article:published_time\" content=\"2026-09-04T08:13:44+00:00\" \/>\n<meta property=\"article:modified_time\" content=\"2026-09-04T10:40:59+00:00\" \/>\n<meta property=\"og:image\" content=\"https:\/\/medios.uchceu.es\/actualidad-ceu\/wp-content\/uploads\/sites\/2\/2026\/09\/CEU-Bienvenida-26-27-1o.jpg\" \/>\n\t<meta property=\"og:image:width\" content=\"2048\" \/>\n\t<meta property=\"og:image:height\" content=\"1365\" \/>\n\t<meta property=\"og:image:type\" content=\"image\/jpeg\" \/>\n<meta name=\"author\" content=\"Macarena Dolz\" \/>\n<meta name=\"twitter:card\" content=\"summary_large_image\" \/>\n<meta name=\"twitter:creator\" content=\"@uchceu\" \/>\n<meta name=\"twitter:site\" content=\"@uchceu\" \/>\n<meta name=\"twitter:label1\" content=\"Escrito por\" \/>\n\t<meta name=\"twitter:data1\" content=\"Macarena Dolz\" \/>\n\t<meta name=\"twitter:label2\" content=\"Tiempo de lectura\" \/>\n\t<meta name=\"twitter:data2\" content=\"4 minutos\" \/>\n<script type=\"application\/ld+json\" class=\"yoast-schema-graph\">{\"@context\":\"https:\\\/\\\/schema.org\",\"@graph\":[{\"@type\":\"Article\",\"@id\":\"https:\\\/\\\/medios.uchceu.es\\\/actualidad-ceu\\\/la-ceu-uch-da-la-bienvenida-a-mas-de-2-800-nuevos-estudiantes-en-un-curso-record-de-matriculacion\\\/#article\",\"isPartOf\":{\"@id\":\"https:\\\/\\\/medios.uchceu.es\\\/actualidad-ceu\\\/la-ceu-uch-da-la-bienvenida-a-mas-de-2-800-nuevos-estudiantes-en-un-curso-record-de-matriculacion\\\/\"},\"author\":{\"name\":\"Macarena Dolz\",\"@id\":\"https:\\\/\\\/medios.uchceu.es\\\/actualidad-ceu\\\/#\\\/schema\\\/person\\\/8d7d4ba38f50a00c9b7184b3432d4d7c\"},\"headline\":\"La CEU UCH da la bienvenida a m\u00e1s de 2.800 nuevos estudiantes en un curso r\u00e9cord de matriculaci\u00f3n\",\"datePublished\":\"2026-09-04T08:13:44+00:00\",\"dateModified\":\"2026-09-04T10:40:59+00:00\",\"mainEntityOfPage\":{\"@id\":\"https:\\\/\\\/medios.uchceu.es\\\/actualidad-ceu\\\/la-ceu-uch-da-la-bienvenida-a-mas-de-2-800-nuevos-estudiantes-en-un-curso-record-de-matriculacion\\\/\"},\"wordCount\":794,\"publisher\":{\"@id\":\"https:\\\/\\\/medios.uchceu.es\\\/actualidad-ceu\\\/#organization\"},\"image\":{\"@id\":\"https:\\\/\\\/medios.uchceu.es\\\/actualidad-ceu\\\/la-ceu-uch-da-la-bienvenida-a-mas-de-2-800-nuevos-estudiantes-en-un-curso-record-de-matriculacion\\\/#primaryimage\"},\"thumbnailUrl\":\"https:\\\/\\\/medios.uchceu.es\\\/actualidad-ceu\\\/wp-content\\\/uploads\\\/sites\\\/2\\\/2026\\\/09\\\/CEU-Bienvenida-26-27-1o.jpg\",\"keywords\":[\"Alumnos\",\"Campus Valencia\"],\"articleSection\":[\"Es noticia\",\"Gente CEU\",\"nota de prensa valencia\",\"nota de prensa valencia\",\"x alumnos home\",\"x cuadritos home\",\"x slider campus valencia\",\"x slider campus valencia\",\"x slider home\",\"x slider home\",\"x slider home\",\"xdestacada-web\",\"xMaquetaci\u00f3n\",\"xSegunda noticia en home\",\"xSegunda noticia en home\"],\"inLanguage\":\"es\"},{\"@type\":[\"WebPage\",\"ItemPage\"],\"@id\":\"https:\\\/\\\/medios.uchceu.es\\\/actualidad-ceu\\\/la-ceu-uch-da-la-bienvenida-a-mas-de-2-800-nuevos-estudiantes-en-un-curso-record-de-matriculacion\\\/\",\"url\":\"https:\\\/\\\/medios.uchceu.es\\\/actualidad-ceu\\\/la-ceu-uch-da-la-bienvenida-a-mas-de-2-800-nuevos-estudiantes-en-un-curso-record-de-matriculacion\\\/\",\"name\":\"La CEU UCH da la bienvenida a m\u00e1s de 2.800 nuevos estudiantes en un curso r\u00e9cord de matriculaci\u00f3n\",\"isPartOf\":{\"@id\":\"https:\\\/\\\/medios.uchceu.es\\\/actualidad-ceu\\\/#website\"},\"primaryImageOfPage\":{\"@id\":\"https:\\\/\\\/medios.uchceu.es\\\/actualidad-ceu\\\/la-ceu-uch-da-la-bienvenida-a-mas-de-2-800-nuevos-estudiantes-en-un-curso-record-de-matriculacion\\\/#primaryimage\"},\"image\":{\"@id\":\"https:\\\/\\\/medios.uchceu.es\\\/actualidad-ceu\\\/la-ceu-uch-da-la-bienvenida-a-mas-de-2-800-nuevos-estudiantes-en-un-curso-record-de-matriculacion\\\/#primaryimage\"},\"thumbnailUrl\":\"https:\\\/\\\/medios.uchceu.es\\\/actualidad-ceu\\\/wp-content\\\/uploads\\\/sites\\\/2\\\/2026\\\/09\\\/CEU-Bienvenida-26-27-1o.jpg\",\"datePublished\":\"2026-09-04T08:13:44+00:00\",\"dateModified\":\"2026-09-04T10:40:59+00:00\",\"description\":\"La Universidad CEU Cardenal Herrera recibe este a\u00f1o a m\u00e1s de 2.800 alumnos de nuevo ingreso en sus campus de Valencia, Castell\u00f3n y Elche, y ampl\u00eda su oferta acad\u00e9mica con nuevas titulaciones\",\"breadcrumb\":{\"@id\":\"https:\\\/\\\/medios.uchceu.es\\\/actualidad-ceu\\\/la-ceu-uch-da-la-bienvenida-a-mas-de-2-800-nuevos-estudiantes-en-un-curso-record-de-matriculacion\\\/#breadcrumb\"},\"inLanguage\":\"es\",\"potentialAction\":[{\"@type\":\"ReadAction\",\"target\":[\"https:\\\/\\\/medios.uchceu.es\\\/actualidad-ceu\\\/la-ceu-uch-da-la-bienvenida-a-mas-de-2-800-nuevos-estudiantes-en-un-curso-record-de-matriculacion\\\/\"]}]},{\"@type\":\"ImageObject\",\"inLanguage\":\"es\",\"@id\":\"https:\\\/\\\/medios.uchceu.es\\\/actualidad-ceu\\\/la-ceu-uch-da-la-bienvenida-a-mas-de-2-800-nuevos-estudiantes-en-un-curso-record-de-matriculacion\\\/#primaryimage\",\"url\":\"https:\\\/\\\/medios.uchceu.es\\\/actualidad-ceu\\\/wp-content\\\/uploads\\\/sites\\\/2\\\/2026\\\/09\\\/CEU-Bienvenida-26-27-1o.jpg\",\"contentUrl\":\"https:\\\/\\\/medios.uchceu.es\\\/actualidad-ceu\\\/wp-content\\\/uploads\\\/sites\\\/2\\\/2026\\\/09\\\/CEU-Bienvenida-26-27-1o.jpg\",\"width\":2048,\"height\":1365},{\"@type\":\"BreadcrumbList\",\"@id\":\"https:\\\/\\\/medios.uchceu.es\\\/actualidad-ceu\\\/la-ceu-uch-da-la-bienvenida-a-mas-de-2-800-nuevos-estudiantes-en-un-curso-record-de-matriculacion\\\/#breadcrumb\",\"itemListElement\":[{\"@type\":\"ListItem\",\"position\":1,\"name\":\"Portada\",\"item\":\"https:\\\/\\\/medios.uchceu.es\\\/actualidad-ceu\\\/\"},{\"@type\":\"ListItem\",\"position\":2,\"name\":\"La CEU UCH da la bienvenida a m\u00e1s de 2.800 nuevos estudiantes en un curso r\u00e9cord de matriculaci\u00f3n\"}]},{\"@type\":\"WebSite\",\"@id\":\"https:\\\/\\\/medios.uchceu.es\\\/actualidad-ceu\\\/#website\",\"url\":\"https:\\\/\\\/medios.uchceu.es\\\/actualidad-ceu\\\/\",\"name\":\"Actualidad CEU\",\"description\":\"El peri\u00f3dico de la Universidad CEU Cardenal Herrera\",\"publisher\":{\"@id\":\"https:\\\/\\\/medios.uchceu.es\\\/actualidad-ceu\\\/#organization\"},\"alternateName\":\"AC\",\"potentialAction\":[{\"@type\":\"SearchAction\",\"target\":{\"@type\":\"EntryPoint\",\"urlTemplate\":\"https:\\\/\\\/medios.uchceu.es\\\/actualidad-ceu\\\/?s={search_term_string}\"},\"query-input\":{\"@type\":\"PropertyValueSpecification\",\"valueRequired\":true,\"valueName\":\"search_term_string\"}}],\"inLanguage\":\"es\"},{\"@type\":\"Organization\",\"@id\":\"https:\\\/\\\/medios.uchceu.es\\\/actualidad-ceu\\\/#organization\",\"name\":\"Universidad CEU Cardenal Herrera\",\"url\":\"https:\\\/\\\/medios.uchceu.es\\\/actualidad-ceu\\\/\",\"logo\":{\"@type\":\"ImageObject\",\"inLanguage\":\"es\",\"@id\":\"https:\\\/\\\/medios.uchceu.es\\\/actualidad-ceu\\\/#\\\/schema\\\/logo\\\/image\\\/\",\"url\":\"https:\\\/\\\/medios.uchceu.es\\\/actualidad-ceu\\\/wp-content\\\/uploads\\\/sites\\\/2\\\/2018\\\/11\\\/logotipo-ceu-uch-gris.png\",\"contentUrl\":\"https:\\\/\\\/medios.uchceu.es\\\/actualidad-ceu\\\/wp-content\\\/uploads\\\/sites\\\/2\\\/2018\\\/11\\\/logotipo-ceu-uch-gris.png\",\"width\":540,\"height\":140,\"caption\":\"Universidad CEU Cardenal Herrera\"},\"image\":{\"@id\":\"https:\\\/\\\/medios.uchceu.es\\\/actualidad-ceu\\\/#\\\/schema\\\/logo\\\/image\\\/\"},\"sameAs\":[\"https:\\\/\\\/www.facebook.com\\\/UCHCEU\",\"https:\\\/\\\/x.com\\\/uchceu\",\"https:\\\/\\\/www.instagram.com\\\/uchceu_universidad\",\"https:\\\/\\\/www.linkedin.com\\\/school\\\/497316\",\"https:\\\/\\\/www.youtube.com\\\/ceuvalencia\",\"https:\\\/\\\/www.tiktok.com\\\/@uchceu_universidad\"]},{\"@type\":\"Person\",\"@id\":\"https:\\\/\\\/medios.uchceu.es\\\/actualidad-ceu\\\/#\\\/schema\\\/person\\\/8d7d4ba38f50a00c9b7184b3432d4d7c\",\"name\":\"Macarena Dolz\",\"image\":{\"@type\":\"ImageObject\",\"inLanguage\":\"es\",\"@id\":\"https:\\\/\\\/secure.gravatar.com\\\/avatar\\\/b5156cc376ad2691c605aba0a45b27314001276f5ee91cc62225a4fdbfde829e?s=96&d=mm&r=g\",\"url\":\"https:\\\/\\\/secure.gravatar.com\\\/avatar\\\/b5156cc376ad2691c605aba0a45b27314001276f5ee91cc62225a4fdbfde829e?s=96&d=mm&r=g\",\"contentUrl\":\"https:\\\/\\\/secure.gravatar.com\\\/avatar\\\/b5156cc376ad2691c605aba0a45b27314001276f5ee91cc62225a4fdbfde829e?s=96&d=mm&r=g\",\"caption\":\"Macarena Dolz\"},\"url\":\"https:\\\/\\\/medios.uchceu.es\\\/actualidad-ceu\\\/author\\\/mdolz\\\/\"}]}<\/script>\n<!-- \/ Yoast SEO plugin. -->","yoast_head_json":{"title":"La CEU UCH da la bienvenida a m\u00e1s de 2.800 nuevos estudiantes en un curso r\u00e9cord de matriculaci\u00f3n","description":"La Universidad CEU Cardenal Herrera recibe este a\u00f1o a m\u00e1s de 2.800 alumnos de nuevo ingreso en sus campus de Valencia, Castell\u00f3n y Elche, y ampl\u00eda su oferta acad\u00e9mica con nuevas titulaciones","robots":{"index":"index","follow":"follow","max-snippet":"max-snippet:-1","max-image-preview":"max-image-preview:large","max-video-preview":"max-video-preview:-1"},"canonical":"https:\/\/medios.uchceu.es\/actualidad-ceu\/la-ceu-uch-da-la-bienvenida-a-mas-de-2-800-nuevos-estudiantes-en-un-curso-record-de-matriculacion\/","og_locale":"es_ES","og_type":"article","og_title":"La CEU UCH da la bienvenida a m\u00e1s de 2.800 nuevos estudiantes en un curso r\u00e9cord de matriculaci\u00f3n","og_description":"La Universidad CEU Cardenal Herrera recibe este a\u00f1o a m\u00e1s de 2.800 alumnos de nuevo ingreso en sus campus de Valencia, Castell\u00f3n y Elche, y ampl\u00eda su oferta acad\u00e9mica con nuevas titulaciones","og_url":"https:\/\/medios.uchceu.es\/actualidad-ceu\/la-ceu-uch-da-la-bienvenida-a-mas-de-2-800-nuevos-estudiantes-en-un-curso-record-de-matriculacion\/","og_site_name":"Actualidad CEU","article_publisher":"https:\/\/www.facebook.com\/UCHCEU","article_published_time":"2026-09-04T08:13:44+00:00","article_modified_time":"2026-09-04T10:40:59+00:00","og_image":[{"width":2048,"height":1365,"url":"https:\/\/medios.uchceu.es\/actualidad-ceu\/wp-content\/uploads\/sites\/2\/2026\/09\/CEU-Bienvenida-26-27-1o.jpg","type":"image\/jpeg"}],"author":"Macarena Dolz","twitter_card":"summary_large_image","twitter_creator":"@uchceu","twitter_site":"@uchceu","twitter_misc":{"Escrito por":"Macarena Dolz","Tiempo de lectura":"4 minutos"},"schema":{"@context":"https:\/\/schema.org","@graph":[{"@type":"Article","@id":"https:\/\/medios.uchceu.es\/actualidad-ceu\/la-ceu-uch-da-la-bienvenida-a-mas-de-2-800-nuevos-estudiantes-en-un-curso-record-de-matriculacion\/#article","isPartOf":{"@id":"https:\/\/medios.uchceu.es\/actualidad-ceu\/la-ceu-uch-da-la-bienvenida-a-mas-de-2-800-nuevos-estudiantes-en-un-curso-record-de-matriculacion\/"},"author":{"name":"Macarena Dolz","@id":"https:\/\/medios.uchceu.es\/actualidad-ceu\/#\/schema\/person\/8d7d4ba38f50a00c9b7184b3432d4d7c"},"headline":"La CEU UCH da la bienvenida a m\u00e1s de 2.800 nuevos estudiantes en un curso r\u00e9cord de matriculaci\u00f3n","datePublished":"2026-09-04T08:13:44+00:00","dateModified":"2026-09-04T10:40:59+00:00","mainEntityOfPage":{"@id":"https:\/\/medios.uchceu.es\/actualidad-ceu\/la-ceu-uch-da-la-bienvenida-a-mas-de-2-800-nuevos-estudiantes-en-un-curso-record-de-matriculacion\/"},"wordCount":794,"publisher":{"@id":"https:\/\/medios.uchceu.es\/actualidad-ceu\/#organization"},"image":{"@id":"https:\/\/medios.uchceu.es\/actualidad-ceu\/la-ceu-uch-da-la-bienvenida-a-mas-de-2-800-nuevos-estudiantes-en-un-curso-record-de-matriculacion\/#primaryimage"},"thumbnailUrl":"https:\/\/medios.uchceu.es\/actualidad-ceu\/wp-content\/uploads\/sites\/2\/2026\/09\/CEU-Bienvenida-26-27-1o.jpg","keywords":["Alumnos","Campus Valencia"],"articleSection":["Es noticia","Gente CEU","nota de prensa valencia","nota de prensa valencia","x alumnos home","x cuadritos home","x slider campus valencia","x slider campus valencia","x slider home","x slider home","x slider home","xdestacada-web","xMaquetaci\u00f3n","xSegunda noticia en home","xSegunda noticia en home"],"inLanguage":"es"},{"@type":["WebPage","ItemPage"],"@id":"https:\/\/medios.uchceu.es\/actualidad-ceu\/la-ceu-uch-da-la-bienvenida-a-mas-de-2-800-nuevos-estudiantes-en-un-curso-record-de-matriculacion\/","url":"https:\/\/medios.uchceu.es\/actualidad-ceu\/la-ceu-uch-da-la-bienvenida-a-mas-de-2-800-nuevos-estudiantes-en-un-curso-record-de-matriculacion\/","name":"La CEU UCH da la bienvenida a m\u00e1s de 2.800 nuevos estudiantes en un curso r\u00e9cord de matriculaci\u00f3n","isPartOf":{"@id":"https:\/\/medios.uchceu.es\/actualidad-ceu\/#website"},"primaryImageOfPage":{"@id":"https:\/\/medios.uchceu.es\/actualidad-ceu\/la-ceu-uch-da-la-bienvenida-a-mas-de-2-800-nuevos-estudiantes-en-un-curso-record-de-matriculacion\/#primaryimage"},"image":{"@id":"https:\/\/medios.uchceu.es\/actualidad-ceu\/la-ceu-uch-da-la-bienvenida-a-mas-de-2-800-nuevos-estudiantes-en-un-curso-record-de-matriculacion\/#primaryimage"},"thumbnailUrl":"https:\/\/medios.uchceu.es\/actualidad-ceu\/wp-content\/uploads\/sites\/2\/2026\/09\/CEU-Bienvenida-26-27-1o.jpg","datePublished":"2026-09-04T08:13:44+00:00","dateModified":"2026-09-04T10:40:59+00:00","description":"La Universidad CEU Cardenal Herrera recibe este a\u00f1o a m\u00e1s de 2.800 alumnos de nuevo ingreso en sus campus de Valencia, Castell\u00f3n y Elche, y ampl\u00eda su oferta acad\u00e9mica con nuevas titulaciones","breadcrumb":{"@id":"https:\/\/medios.uchceu.es\/actualidad-ceu\/la-ceu-uch-da-la-bienvenida-a-mas-de-2-800-nuevos-estudiantes-en-un-curso-record-de-matriculacion\/#breadcrumb"},"inLanguage":"es","potentialAction":[{"@type":"ReadAction","target":["https:\/\/medios.uchceu.es\/actualidad-ceu\/la-ceu-uch-da-la-bienvenida-a-mas-de-2-800-nuevos-estudiantes-en-un-curso-record-de-matriculacion\/"]}]},{"@type":"ImageObject","inLanguage":"es","@id":"https:\/\/medios.uchceu.es\/actualidad-ceu\/la-ceu-uch-da-la-bienvenida-a-mas-de-2-800-nuevos-estudiantes-en-un-curso-record-de-matriculacion\/#primaryimage","url":"https:\/\/medios.uchceu.es\/actualidad-ceu\/wp-content\/uploads\/sites\/2\/2026\/09\/CEU-Bienvenida-26-27-1o.jpg","contentUrl":"https:\/\/medios.uchceu.es\/actualidad-ceu\/wp-content\/uploads\/sites\/2\/2026\/09\/CEU-Bienvenida-26-27-1o.jpg","width":2048,"height":1365},{"@type":"BreadcrumbList","@id":"https:\/\/medios.uchceu.es\/actualidad-ceu\/la-ceu-uch-da-la-bienvenida-a-mas-de-2-800-nuevos-estudiantes-en-un-curso-record-de-matriculacion\/#breadcrumb","itemListElement":[{"@type":"ListItem","position":1,"name":"Portada","item":"https:\/\/medios.uchceu.es\/actualidad-ceu\/"},{"@type":"ListItem","position":2,"name":"La CEU UCH da la bienvenida a m\u00e1s de 2.800 nuevos estudiantes en un curso r\u00e9cord de matriculaci\u00f3n"}]},{"@type":"WebSite","@id":"https:\/\/medios.uchceu.es\/actualidad-ceu\/#website","url":"https:\/\/medios.uchceu.es\/actualidad-ceu\/","name":"Actualidad CEU","description":"El peri\u00f3dico de la Universidad CEU Cardenal Herrera","publisher":{"@id":"https:\/\/medios.uchceu.es\/actualidad-ceu\/#organization"},"alternateName":"AC","potentialAction":[{"@type":"SearchAction","target":{"@type":"EntryPoint","urlTemplate":"https:\/\/medios.uchceu.es\/actualidad-ceu\/?s={search_term_string}"},"query-input":{"@type":"PropertyValueSpecification","valueRequired":true,"valueName":"search_term_string"}}],"inLanguage":"es"},{"@type":"Organization","@id":"https:\/\/medios.uchceu.es\/actualidad-ceu\/#organization","name":"Universidad CEU Cardenal Herrera","url":"https:\/\/medios.uchceu.es\/actualidad-ceu\/","logo":{"@type":"ImageObject","inLanguage":"es","@id":"https:\/\/medios.uchceu.es\/actualidad-ceu\/#\/schema\/logo\/image\/","url":"https:\/\/medios.uchceu.es\/actualidad-ceu\/wp-content\/uploads\/sites\/2\/2018\/11\/logotipo-ceu-uch-gris.png","contentUrl":"https:\/\/medios.uchceu.es\/actualidad-ceu\/wp-content\/uploads\/sites\/2\/2018\/11\/logotipo-ceu-uch-gris.png","width":540,"height":140,"caption":"Universidad CEU Cardenal Herrera"},"image":{"@id":"https:\/\/medios.uchceu.es\/actualidad-ceu\/#\/schema\/logo\/image\/"},"sameAs":["https:\/\/www.facebook.com\/UCHCEU","https:\/\/x.com\/uchceu","https:\/\/www.instagram.com\/uchceu_universidad","https:\/\/www.linkedin.com\/school\/497316","https:\/\/www.youtube.com\/ceuvalencia","https:\/\/www.tiktok.com\/@uchceu_universidad"]},{"@type":"Person","@id":"https:\/\/medios.uchceu.es\/actualidad-ceu\/#\/schema\/person\/8d7d4ba38f50a00c9b7184b3432d4d7c","name":"Macarena Dolz","image":{"@type":"ImageObject","inLanguage":"es","@id":"https:\/\/secure.gravatar.com\/avatar\/b5156cc376ad2691c605aba0a45b27314001276f5ee91cc62225a4fdbfde829e?s=96&d=mm&r=g","url":"https:\/\/secure.gravatar.com\/avatar\/b5156cc376ad2691c605aba0a45b27314001276f5ee91cc62225a4fdbfde829e?s=96&d=mm&r=g","contentUrl":"https:\/\/secure.gravatar.com\/avatar\/b5156cc376ad2691c605aba0a45b27314001276f5ee91cc62225a4fdbfde829e?s=96&d=mm&r=g","caption":"Macarena Dolz"},"url":"https:\/\/medios.uchceu.es\/actualidad-ceu\/author\/mdolz\/"}]}},"uagb_featured_image_src":{"full":["https:\/\/medios.uchceu.es\/actualidad-ceu\/wp-content\/uploads\/sites\/2\/2026\/09\/CEU-Bienvenida-26-27-1o.jpg",2048,1365,false],"thumbnail":["https:\/\/medios.uchceu.es\/actualidad-ceu\/wp-content\/uploads\/sites\/2\/2026\/09\/CEU-Bienvenida-26-27-1o-150x150.jpg",150,150,true],"medium":["https:\/\/medios.uchceu.es\/actualidad-ceu\/wp-content\/uploads\/sites\/2\/2026\/09\/CEU-Bienvenida-26-27-1o-300x200.jpg",300,200,true],"medium_large":["https:\/\/medios.uchceu.es\/actualidad-ceu\/wp-content\/uploads\/sites\/2\/2026\/09\/CEU-Bienvenida-26-27-1o-768x512.jpg",696,464,true],"large":["https:\/\/medios.uchceu.es\/actualidad-ceu\/wp-content\/uploads\/sites\/2\/2026\/09\/CEU-Bienvenida-26-27-1o-1060x706.jpg",696,464,true],"listado":["https:\/\/medios.uchceu.es\/actualidad-ceu\/wp-content\/uploads\/sites\/2\/2026\/09\/CEU-Bienvenida-26-27-1o-310x174.jpg",310,174,true],"nuevaweb":["https:\/\/medios.uchceu.es\/actualidad-ceu\/wp-content\/uploads\/sites\/2\/2026\/09\/CEU-Bienvenida-26-27-1o-280x280.jpg",280,280,true],"destacadablogs":["https:\/\/medios.uchceu.es\/actualidad-ceu\/wp-content\/uploads\/sites\/2\/2026\/09\/CEU-Bienvenida-26-27-1o-580x280.jpg",580,280,true],"1536x1536":["https:\/\/medios.uchceu.es\/actualidad-ceu\/wp-content\/uploads\/sites\/2\/2026\/09\/CEU-Bienvenida-26-27-1o-1536x1024.jpg",1536,1024,true],"2048x2048":["https:\/\/medios.uchceu.es\/actualidad-ceu\/wp-content\/uploads\/sites\/2\/2026\/09\/CEU-Bienvenida-26-27-1o.jpg",2048,1365,false],"td_150x0":["https:\/\/medios.uchceu.es\/actualidad-ceu\/wp-content\/uploads\/sites\/2\/2026\/09\/CEU-Bienvenida-26-27-1o-150x100.jpg",150,100,true],"td_218x150":["https:\/\/medios.uchceu.es\/actualidad-ceu\/wp-content\/uploads\/sites\/2\/2026\/09\/CEU-Bienvenida-26-27-1o-218x150.jpg",218,150,true],"td_300x0":["https:\/\/medios.uchceu.es\/actualidad-ceu\/wp-content\/uploads\/sites\/2\/2026\/09\/CEU-Bienvenida-26-27-1o-300x200.jpg",300,200,true],"td_324x400":["https:\/\/medios.uchceu.es\/actualidad-ceu\/wp-content\/uploads\/sites\/2\/2026\/09\/CEU-Bienvenida-26-27-1o-324x400.jpg",324,400,true],"td_485x360":["https:\/\/medios.uchceu.es\/actualidad-ceu\/wp-content\/uploads\/sites\/2\/2026\/09\/CEU-Bienvenida-26-27-1o-485x360.jpg",485,360,true],"td_696x0":["https:\/\/medios.uchceu.es\/actualidad-ceu\/wp-content\/uploads\/sites\/2\/2026\/09\/CEU-Bienvenida-26-27-1o-696x464.jpg",696,464,true],"td_1068x0":["https:\/\/medios.uchceu.es\/actualidad-ceu\/wp-content\/uploads\/sites\/2\/2026\/09\/CEU-Bienvenida-26-27-1o-1068x712.jpg",1068,712,true],"td_1920x0":["https:\/\/medios.uchceu.es\/actualidad-ceu\/wp-content\/uploads\/sites\/2\/2026\/09\/CEU-Bienvenida-26-27-1o-1920x1280.jpg",1920,1280,true],"td_0x420":["https:\/\/medios.uchceu.es\/actualidad-ceu\/wp-content\/uploads\/sites\/2\/2026\/09\/CEU-Bienvenida-26-27-1o-630x420.jpg",630,420,true],"td_80x60":["https:\/\/medios.uchceu.es\/actualidad-ceu\/wp-content\/uploads\/sites\/2\/2026\/09\/CEU-Bienvenida-26-27-1o-80x60.jpg",80,60,true],"td_100x70":["https:\/\/medios.uchceu.es\/actualidad-ceu\/wp-content\/uploads\/sites\/2\/2026\/09\/CEU-Bienvenida-26-27-1o-100x70.jpg",100,70,true],"td_265x198":["https:\/\/medios.uchceu.es\/actualidad-ceu\/wp-content\/uploads\/sites\/2\/2026\/09\/CEU-Bienvenida-26-27-1o-265x198.jpg",265,198,true],"td_324x160":["https:\/\/medios.uchceu.es\/actualidad-ceu\/wp-content\/uploads\/sites\/2\/2026\/09\/CEU-Bienvenida-26-27-1o-324x160.jpg",324,160,true],"td_324x235":["https:\/\/medios.uchceu.es\/actualidad-ceu\/wp-content\/uploads\/sites\/2\/2026\/09\/CEU-Bienvenida-26-27-1o-324x235.jpg",324,235,true],"td_356x220":["https:\/\/medios.uchceu.es\/actualidad-ceu\/wp-content\/uploads\/sites\/2\/2026\/09\/CEU-Bienvenida-26-27-1o-356x220.jpg",356,220,true],"td_356x364":["https:\/\/medios.uchceu.es\/actualidad-ceu\/wp-content\/uploads\/sites\/2\/2026\/09\/CEU-Bienvenida-26-27-1o-356x364.jpg",356,364,true],"td_533x261":["https:\/\/medios.uchceu.es\/actualidad-ceu\/wp-content\/uploads\/sites\/2\/2026\/09\/CEU-Bienvenida-26-27-1o-533x261.jpg",533,261,true],"td_534x462":["https:\/\/medios.uchceu.es\/actualidad-ceu\/wp-content\/uploads\/sites\/2\/2026\/09\/CEU-Bienvenida-26-27-1o-534x462.jpg",534,462,true],"td_696x385":["https:\/\/medios.uchceu.es\/actualidad-ceu\/wp-content\/uploads\/sites\/2\/2026\/09\/CEU-Bienvenida-26-27-1o-696x385.jpg",696,385,true],"td_741x486":["https:\/\/medios.uchceu.es\/actualidad-ceu\/wp-content\/uploads\/sites\/2\/2026\/09\/CEU-Bienvenida-26-27-1o-741x486.jpg",741,486,true],"td_1068x580":["https:\/\/medios.uchceu.es\/actualidad-ceu\/wp-content\/uploads\/sites\/2\/2026\/09\/CEU-Bienvenida-26-27-1o-1068x580.jpg",1068,580,true]},"uagb_author_info":{"display_name":"Macarena Dolz","author_link":"https:\/\/medios.uchceu.es\/actualidad-ceu\/author\/mdolz\/"},"uagb_comment_info":0,"uagb_excerpt":"La Universidad CEU Cardenal Herrera recibe este a\u00f1o a m\u00e1s de 2.800 alumnos de nuevo ingreso en sus campus de Valencia, Castell\u00f3n y Elche, y ampl\u00eda su oferta acad\u00e9mica con nuevas titulaciones La Universidad CEU Cardenal Herrera (CEU UCH) ha celebrado esta semana las Jornadas de Bienvenida para los m\u00e1s de 2.800 estudiantes, nacionales e&hellip;","_links":{"self":[{"href":"https:\/\/medios.uchceu.es\/actualidad-ceu\/wp-json\/wp\/v2\/posts\/200303","targetHints":{"allow":["GET"]}}],"collection":[{"href":"https:\/\/medios.uchceu.es\/actualidad-ceu\/wp-json\/wp\/v2\/posts"}],"about":[{"href":"https:\/\/medios.uchceu.es\/actualidad-ceu\/wp-json\/wp\/v2\/types\/post"}],"author":[{"embeddable":true,"href":"https:\/\/medios.uchceu.es\/actualidad-ceu\/wp-json\/wp\/v2\/users\/128"}],"replies":[{"embeddable":true,"href":"https:\/\/medios.uchceu.es\/actualidad-ceu\/wp-json\/wp\/v2\/comments?post=200303"}],"version-history":[{"count":6,"href":"https:\/\/medios.uchceu.es\/actualidad-ceu\/wp-json\/wp\/v2\/posts\/200303\/revisions"}],"predecessor-version":[{"id":200315,"href":"https:\/\/medios.uchceu.es\/actualidad-ceu\/wp-json\/wp\/v2\/posts\/200303\/revisions\/200315"}],"wp:featuredmedia":[{"embeddable":true,"href":"https:\/\/medios.uchceu.es\/actualidad-ceu\/wp-json\/wp\/v2\/media\/200305"}],"wp:attachment":[{"href":"https:\/\/medios.uchceu.es\/actualidad-ceu\/wp-json\/wp\/v2\/media?parent=200303"}],"wp:term":[{"taxonomy":"category","embeddable":true,"href":"https:\/\/medios.uchceu.es\/actualidad-ceu\/wp-json\/wp\/v2\/categories?post=200303"},{"taxonomy":"post_tag","embeddable":true,"href":"https:\/\/medios.uchceu.es\/actualidad-ceu\/wp-json\/wp\/v2\/tags?post=200303"}],"curies":[{"name":"wp","href":"https:\/\/api.w.org\/{rel}","templated":true}]}}