{"id":200286,"date":"2026-09-02T10:25:46","date_gmt":"2026-09-02T08:25:46","guid":{"rendered":"https:\/\/medios.uchceu.es\/actualidad-ceu\/?p=200286"},"modified":"2026-09-02T13:43:23","modified_gmt":"2026-09-02T11:43:23","slug":"el-plan-nacional-de-resistencia-a-los-antibioticos-del-ministerio-de-sanidad-premia-el-proyecto-de-divulgacion-pueblos-con-ciencia-del-equipo-swiceu","status":"publish","type":"post","link":"https:\/\/medios.uchceu.es\/actualidad-ceu\/el-plan-nacional-de-resistencia-a-los-antibioticos-del-ministerio-de-sanidad-premia-el-proyecto-de-divulgacion-pueblos-con-ciencia-del-equipo-swiceu\/","title":{"rendered":"El Plan Nacional de Resistencia a los Antibi\u00f3ticos del Ministerio de Sanidad premia el proyecto de divulgaci\u00f3n \u201cPueblos con-Ciencia\u201d del equipo SWICEU"},"content":{"rendered":"<h3><img loading=\"lazy\" decoding=\"async\" class=\"alignnone size-full wp-image-200262\" style=\"color: #222222;font-family: Verdana, BlinkMacSystemFont, -apple-system, &#039;Segoe UI&#039;, Roboto, Oxygen, Ubuntu, Cantarell, &#039;Open Sans&#039;, &#039;Helvetica Neue&#039;, sans-serif;font-size: 15px\" src=\"https:\/\/medios.uchceu.es\/actualidad-ceu\/wp-content\/uploads\/sites\/2\/2026\/07\/logo-mcin-fecyt-web-ceu-uch-2025-scaled.jpg\" alt=\"\" width=\"2560\" height=\"388\" srcset=\"https:\/\/medios.uchceu.es\/actualidad-ceu\/wp-content\/uploads\/sites\/2\/2026\/07\/logo-mcin-fecyt-web-ceu-uch-2025-scaled.jpg 2560w, https:\/\/medios.uchceu.es\/actualidad-ceu\/wp-content\/uploads\/sites\/2\/2026\/07\/logo-mcin-fecyt-web-ceu-uch-2025-300x45.jpg 300w, https:\/\/medios.uchceu.es\/actualidad-ceu\/wp-content\/uploads\/sites\/2\/2026\/07\/logo-mcin-fecyt-web-ceu-uch-2025-1060x161.jpg 1060w, https:\/\/medios.uchceu.es\/actualidad-ceu\/wp-content\/uploads\/sites\/2\/2026\/07\/logo-mcin-fecyt-web-ceu-uch-2025-768x116.jpg 768w, https:\/\/medios.uchceu.es\/actualidad-ceu\/wp-content\/uploads\/sites\/2\/2026\/07\/logo-mcin-fecyt-web-ceu-uch-2025-1536x233.jpg 1536w, https:\/\/medios.uchceu.es\/actualidad-ceu\/wp-content\/uploads\/sites\/2\/2026\/07\/logo-mcin-fecyt-web-ceu-uch-2025-2048x310.jpg 2048w, https:\/\/medios.uchceu.es\/actualidad-ceu\/wp-content\/uploads\/sites\/2\/2026\/07\/logo-mcin-fecyt-web-ceu-uch-2025-150x23.jpg 150w, https:\/\/medios.uchceu.es\/actualidad-ceu\/wp-content\/uploads\/sites\/2\/2026\/07\/logo-mcin-fecyt-web-ceu-uch-2025-696x105.jpg 696w, https:\/\/medios.uchceu.es\/actualidad-ceu\/wp-content\/uploads\/sites\/2\/2026\/07\/logo-mcin-fecyt-web-ceu-uch-2025-1068x162.jpg 1068w, https:\/\/medios.uchceu.es\/actualidad-ceu\/wp-content\/uploads\/sites\/2\/2026\/07\/logo-mcin-fecyt-web-ceu-uch-2025-1920x291.jpg 1920w\" sizes=\"auto, (max-width: 2560px) 100vw, 2560px\" \/><strong>Esta iniciativa involucra a vecinos de peque\u00f1as poblaciones en los experimentos para la b\u00fasqueda de nuevos antibi\u00f3ticos en muestras de tierra de su t\u00e9rmino municipal, con la colaboraci\u00f3n de FECYT-Ministerio de Ciencia, Innovaci\u00f3n y Universidades<\/strong><\/h3>\n<p><img loading=\"lazy\" decoding=\"async\" class=\"alignnone size-full wp-image-200287\" src=\"https:\/\/medios.uchceu.es\/actualidad-ceu\/wp-content\/uploads\/sites\/2\/2026\/09\/pueblos-con-ciencia-cheste-swiceu-ceu-uch.jpeg\" alt=\"\" width=\"1800\" height=\"1350\" srcset=\"https:\/\/medios.uchceu.es\/actualidad-ceu\/wp-content\/uploads\/sites\/2\/2026\/09\/pueblos-con-ciencia-cheste-swiceu-ceu-uch.jpeg 1800w, https:\/\/medios.uchceu.es\/actualidad-ceu\/wp-content\/uploads\/sites\/2\/2026\/09\/pueblos-con-ciencia-cheste-swiceu-ceu-uch-300x225.jpeg 300w, https:\/\/medios.uchceu.es\/actualidad-ceu\/wp-content\/uploads\/sites\/2\/2026\/09\/pueblos-con-ciencia-cheste-swiceu-ceu-uch-1060x795.jpeg 1060w, https:\/\/medios.uchceu.es\/actualidad-ceu\/wp-content\/uploads\/sites\/2\/2026\/09\/pueblos-con-ciencia-cheste-swiceu-ceu-uch-768x576.jpeg 768w, https:\/\/medios.uchceu.es\/actualidad-ceu\/wp-content\/uploads\/sites\/2\/2026\/09\/pueblos-con-ciencia-cheste-swiceu-ceu-uch-1536x1152.jpeg 1536w, https:\/\/medios.uchceu.es\/actualidad-ceu\/wp-content\/uploads\/sites\/2\/2026\/09\/pueblos-con-ciencia-cheste-swiceu-ceu-uch-150x113.jpeg 150w, https:\/\/medios.uchceu.es\/actualidad-ceu\/wp-content\/uploads\/sites\/2\/2026\/09\/pueblos-con-ciencia-cheste-swiceu-ceu-uch-696x522.jpeg 696w, https:\/\/medios.uchceu.es\/actualidad-ceu\/wp-content\/uploads\/sites\/2\/2026\/09\/pueblos-con-ciencia-cheste-swiceu-ceu-uch-1068x801.jpeg 1068w, https:\/\/medios.uchceu.es\/actualidad-ceu\/wp-content\/uploads\/sites\/2\/2026\/09\/pueblos-con-ciencia-cheste-swiceu-ceu-uch-560x420.jpeg 560w, https:\/\/medios.uchceu.es\/actualidad-ceu\/wp-content\/uploads\/sites\/2\/2026\/09\/pueblos-con-ciencia-cheste-swiceu-ceu-uch-80x60.jpeg 80w, https:\/\/medios.uchceu.es\/actualidad-ceu\/wp-content\/uploads\/sites\/2\/2026\/09\/pueblos-con-ciencia-cheste-swiceu-ceu-uch-265x198.jpeg 265w\" sizes=\"auto, (max-width: 1800px) 100vw, 1800px\" \/><\/p>\n<p>El <strong>proyecto \u201cPueblos con-Ciencia\u201d del <a href=\"https:\/\/medios.uchceu.es\/actualidad-ceu\/etiqueta\/swiceu\/\" target=\"_blank\" rel=\"noopener\">equipo SWICEU<\/a><\/strong>, integrado por estudiantes y profesores de la Universidad CEU Cardenal Herrera (CEU UCH), ha sido galardonado con el <strong>Premio PRAN a la mejor iniciativa de comunicaci\u00f3n y sensibilizaci\u00f3n de la poblaci\u00f3n sobre la resistencia a los antibi\u00f3ticos<\/strong>. Los Premios del <strong>Plan Nacional de Resistencia a los Antibi\u00f3ticos (PRAN)<\/strong> son concedidos por la <strong>Agencia Espa\u00f1ola de Medicamentos y Productos Sanitarios (AEMPS)<\/strong> del <strong>Ministerio de Sanidad<\/strong>. Entre los 78 proyectos presentados en las 9 categor\u00edas de esta quinta edici\u00f3n de los Premios PRAN, el proyecto \u201cPueblos con-Ciencia\u201d de la CEU UCH ha sido el valorado con la puntuaci\u00f3n m\u00e1s alta, con 93,5 puntos sobre 100. Los premios se entregan en Madrid el pr\u00f3ximo 18 de noviembre, en los actos con motivo del D\u00eda Europeo para el Uso Prudente de los Antibi\u00f3ticos.<\/p>\n<p>Desde su puesta en marcha en 2024 como iniciativa de ciencia ciudadana, el <strong>proyecto \u201cPueblos con-Ciencia\u00bb del <a href=\"https:\/\/medios.uchceu.es\/actualidad-ceu\/etiqueta\/swiceu\/\" target=\"_blank\" rel=\"noopener\">equipo SWICEU<\/a><\/strong>\u00a0involucra de forma directa a vecinos de peque\u00f1as localidades en una actividad cient\u00edfica real de b\u00fasqueda de nuevos antibi\u00f3ticos. Los participantes, de cualquier edad y profesi\u00f3n, toman muestras de tierra de parajes naturales de su t\u00e9rmino municipal y realizan las fases experimentales que sigui\u00f3 Fleming para el hallazgo de la penicilina, bajo la direcci\u00f3n de estudiantes y profesores de la Facultad de Ciencias de la Salud de la CEU UCH.<\/p>\n<h3><strong>La participaci\u00f3n y los testimonios de los vecinos en esta actividad de ciencia ciudadana se recoge en la serie audiovisual \u201cPueblos con-Ciencia\u201d, a la que ya se han sumado Cheste, Alfara del Patriarca y Massamagrell<\/strong><\/h3>\n<p><img loading=\"lazy\" decoding=\"async\" class=\"alignnone size-full wp-image-200288\" src=\"https:\/\/medios.uchceu.es\/actualidad-ceu\/wp-content\/uploads\/sites\/2\/2026\/09\/pueblos-con-ciencia-alfara-swiceu-ceu-uch.jpeg\" alt=\"\" width=\"1600\" height=\"1148\" srcset=\"https:\/\/medios.uchceu.es\/actualidad-ceu\/wp-content\/uploads\/sites\/2\/2026\/09\/pueblos-con-ciencia-alfara-swiceu-ceu-uch.jpeg 1600w, https:\/\/medios.uchceu.es\/actualidad-ceu\/wp-content\/uploads\/sites\/2\/2026\/09\/pueblos-con-ciencia-alfara-swiceu-ceu-uch-300x215.jpeg 300w, https:\/\/medios.uchceu.es\/actualidad-ceu\/wp-content\/uploads\/sites\/2\/2026\/09\/pueblos-con-ciencia-alfara-swiceu-ceu-uch-1060x761.jpeg 1060w, https:\/\/medios.uchceu.es\/actualidad-ceu\/wp-content\/uploads\/sites\/2\/2026\/09\/pueblos-con-ciencia-alfara-swiceu-ceu-uch-768x551.jpeg 768w, https:\/\/medios.uchceu.es\/actualidad-ceu\/wp-content\/uploads\/sites\/2\/2026\/09\/pueblos-con-ciencia-alfara-swiceu-ceu-uch-1536x1102.jpeg 1536w, https:\/\/medios.uchceu.es\/actualidad-ceu\/wp-content\/uploads\/sites\/2\/2026\/09\/pueblos-con-ciencia-alfara-swiceu-ceu-uch-150x108.jpeg 150w, https:\/\/medios.uchceu.es\/actualidad-ceu\/wp-content\/uploads\/sites\/2\/2026\/09\/pueblos-con-ciencia-alfara-swiceu-ceu-uch-696x499.jpeg 696w, https:\/\/medios.uchceu.es\/actualidad-ceu\/wp-content\/uploads\/sites\/2\/2026\/09\/pueblos-con-ciencia-alfara-swiceu-ceu-uch-1068x766.jpeg 1068w, https:\/\/medios.uchceu.es\/actualidad-ceu\/wp-content\/uploads\/sites\/2\/2026\/09\/pueblos-con-ciencia-alfara-swiceu-ceu-uch-585x420.jpeg 585w\" sizes=\"auto, (max-width: 1600px) 100vw, 1600px\" \/><\/p>\n<p><strong>Ciencia ciudadana y serie audiovisual<\/strong><\/p>\n<p>Durante las actividades experimentales, los vecinos protagonizan tambi\u00e9n el rodaje de una serie audiovisual, que recoge su testimonio y aprendizaje sobre el buen uso de los antibi\u00f3ticos, para preservar su efectividad ante el reto de salud global que plantea el aumento de la resistencia antimicrobiana. De este modo, el <strong>proyecto \u201cPueblos con-Ciencia\u00bb<\/strong> integra investigaci\u00f3n cient\u00edfica real, participaci\u00f3n ciudadana y divulgaci\u00f3n sobre el uso responsable de los antibi\u00f3ticos en una misma iniciativa, en la que colaboran la Universidad y las administraciones locales. A la iniciativa de la CEU UCH ya se han sumado los municipios de <strong>Cheste, Alfara del Patriarca y Massamagrell<\/strong>, con el respaldo de sus ayuntamientos.<\/p>\n<p>Seg\u00fan explica la <strong>responsable del equipo SWICEU, <a href=\"https:\/\/investigacionuch.ceu.es\/investigadores\/1874864\/detalle\" target=\"_blank\" rel=\"noopener\">Teresa P\u00e9rez Gracia<\/a>, catedr\u00e1tica de Microbiolog\u00eda de la CEU UCH<\/strong>, \u201ca diferencia de los modelos tradicionales de divulgaci\u00f3n cient\u00edfica, que se basan principalmente en la transmisi\u00f3n unidireccional de conocimiento desde los expertos hacia el p\u00fablico, en \u201cPueblos con-Ciencia\u00bb adoptamos un enfoque participativo, en el que los ciudadanos se convierten en protagonistas del proceso cient\u00edfico. Primero, porque son ellos, guiados por estudiantes y profesores de Ciencias de la Salud de la CEU UCH, los que realizan los experimentos. Y segundo, porque con su testimonio en la serie audiovisual conciencian a otros sobre este reto de salud global, desde un enfoque humano, cercano y emocional\u201d.<\/p>\n<p><img loading=\"lazy\" decoding=\"async\" class=\"alignnone size-full wp-image-200289\" src=\"https:\/\/medios.uchceu.es\/actualidad-ceu\/wp-content\/uploads\/sites\/2\/2026\/09\/pueblos-con-ciencia-massamagrell-swiceu-ceu-uch.jpeg\" alt=\"\" width=\"1765\" height=\"1082\" srcset=\"https:\/\/medios.uchceu.es\/actualidad-ceu\/wp-content\/uploads\/sites\/2\/2026\/09\/pueblos-con-ciencia-massamagrell-swiceu-ceu-uch.jpeg 1765w, https:\/\/medios.uchceu.es\/actualidad-ceu\/wp-content\/uploads\/sites\/2\/2026\/09\/pueblos-con-ciencia-massamagrell-swiceu-ceu-uch-300x184.jpeg 300w, https:\/\/medios.uchceu.es\/actualidad-ceu\/wp-content\/uploads\/sites\/2\/2026\/09\/pueblos-con-ciencia-massamagrell-swiceu-ceu-uch-1060x650.jpeg 1060w, https:\/\/medios.uchceu.es\/actualidad-ceu\/wp-content\/uploads\/sites\/2\/2026\/09\/pueblos-con-ciencia-massamagrell-swiceu-ceu-uch-768x471.jpeg 768w, https:\/\/medios.uchceu.es\/actualidad-ceu\/wp-content\/uploads\/sites\/2\/2026\/09\/pueblos-con-ciencia-massamagrell-swiceu-ceu-uch-1536x942.jpeg 1536w, https:\/\/medios.uchceu.es\/actualidad-ceu\/wp-content\/uploads\/sites\/2\/2026\/09\/pueblos-con-ciencia-massamagrell-swiceu-ceu-uch-150x92.jpeg 150w, https:\/\/medios.uchceu.es\/actualidad-ceu\/wp-content\/uploads\/sites\/2\/2026\/09\/pueblos-con-ciencia-massamagrell-swiceu-ceu-uch-696x427.jpeg 696w, https:\/\/medios.uchceu.es\/actualidad-ceu\/wp-content\/uploads\/sites\/2\/2026\/09\/pueblos-con-ciencia-massamagrell-swiceu-ceu-uch-1068x655.jpeg 1068w, https:\/\/medios.uchceu.es\/actualidad-ceu\/wp-content\/uploads\/sites\/2\/2026\/09\/pueblos-con-ciencia-massamagrell-swiceu-ceu-uch-685x420.jpeg 685w\" sizes=\"auto, (max-width: 1765px) 100vw, 1765px\" \/><\/p>\n<p><strong>Con el apoyo de FECYT y RUVID<\/strong><\/p>\n<p>Adem\u00e1s del Premio del PRAN a la mejor iniciativa de comunicaci\u00f3n y sensibilizaci\u00f3n de la poblaci\u00f3n sobre la resistencia a los antibi\u00f3ticos, el <strong>proyecto \u201cPueblos con-Ciencia\u201d del equipo SWICEU<\/strong> de la CEU UCH obtuvo tambi\u00e9n la <a href=\"https:\/\/medios.uchceu.es\/actualidad-ceu\/swiceu-mejor-proyecto-de-divulgacion-cientifica-presentado-a-la-fecyt-por-una-universidad-espanola\/\" target=\"_blank\" rel=\"noopener\">puntuaci\u00f3n m\u00e1s alta en la convocatoria de 2024 de Ayudas para el Fomento de la Cultura Cient\u00edfica de la Fundaci\u00f3n Espa\u00f1ola para la Ciencia y la Tecnolog\u00eda (FECYT)<\/a> del Ministerio de Ciencia, Innovaci\u00f3n y Universidades (FCT-24-20361). De los 555 proyectos presentados a esta convocatoria por 103 entidades cient\u00edficas espa\u00f1olas, el de la CEU UCH fue el mejor valorado de los presentados por universidades espa\u00f1olas. Las actividades divulgativas del equipo SWICEU han contado ya con el apoyo de la FECYT en dos convocatorias previas, las de 2019 y 2022 (FCT-19-1473 y FCT-22-18062).<\/p>\n<p>Desde su creaci\u00f3n en 2017, el <strong>equipo SWICEU de la CEU UCH<\/strong> ha involucrado a m\u00e1s de 1.200 j\u00f3venes preuniversitarios y universitarios en la problem\u00e1tica de la resistencia antimicrobiana, mediante su participaci\u00f3n directa en la b\u00fasqueda experimental de nuevos antibi\u00f3ticos y en la concienciaci\u00f3n sobre su buen uso entre la poblaci\u00f3n. Por ello, cuenta con el apoyo de la <strong>Red de Universidades Valencianas para el fomento de la Investigaci\u00f3n, el Desarrollo y la Innovaci\u00f3n (RUVID)<\/strong>, que les ha seleccionado como uno de los embajadores de los Premis Sapi\u00e8ncia para la promoci\u00f3n de vocaciones cient\u00edficas entre los estudiantes preuniversitarios. La final de estos Premios se celebrar\u00e1 este a\u00f1o en el Paraninfo de la CEU UCH en el mes de diciembre, coincidiendo con el d\u00e9cimo aniversario de las actividades de SWICEU.<\/p>\n<p>El <strong><a href=\"https:\/\/medios.uchceu.es\/actualidad-ceu\/etiqueta\/swiceu\/\" target=\"_blank\" rel=\"noopener\">equipo SWICEU<\/a><\/strong><strong>\u00a0de la CEU UCH<\/strong> est\u00e1 integrado por los <strong>profesores Teresa P\u00e9rez Gracia, Carolina Galiana, Jos\u00e9 Ignacio Bueso y Elisa Marco<\/strong>, los doctores <strong>Beatriz Suay y Antonio Tar\u00edn<\/strong> y la investigadora en formaci\u00f3n <strong>Sara Fern\u00e1ndez<\/strong>, con la colaboraci\u00f3n de <strong>estudiantes voluntarios de distintos Grados de Ciencias de la Salud<\/strong> y Ciencias de la Comunicaci\u00f3n y con el apoyo de la <strong>Unidad de Cultura Cient\u00edfica (UCC+i) de la CEU UCH<\/strong>.<\/p>\n<p><strong>M\u00e1s informaci\u00f3n sobre los V Premios PRAN concedidos por la AEMPS del Ministerio de Sanidad, en las webs del <a href=\"https:\/\/resistenciaantibioticos.es\/es\/noticias\/la-aemps-concede-los-v-premios-pran-2026\" target=\"_blank\" rel=\"noopener\">PRAN<\/a> y <a href=\"https:\/\/www.aemps.gob.es\/informa\/la-aemps-concede-los-v-premios-pran-2026-a-nueve-iniciativas-frente-a-la-resistencia-a-los-antimicrobianos\/#\" target=\"_blank\" rel=\"noopener\">AEMPS<\/a>.<\/strong><\/p>\n<div id='gallery-1' class='gallery galleryid-200286 gallery-columns-3 gallery-size-full'><figure class='gallery-item'>\n\t\t\t<div class='gallery-icon portrait'>\n\t\t\t\t<a href='https:\/\/medios.uchceu.es\/actualidad-ceu\/wp-content\/uploads\/sites\/2\/2026\/09\/Captura-de-pantalla-2026-09-02-a-las-11.33.20.png'><img loading=\"lazy\" decoding=\"async\" width=\"474\" height=\"569\" src=\"https:\/\/medios.uchceu.es\/actualidad-ceu\/wp-content\/uploads\/sites\/2\/2026\/09\/Captura-de-pantalla-2026-09-02-a-las-11.33.20.png\" class=\"attachment-full size-full\" alt=\"\" srcset=\"https:\/\/medios.uchceu.es\/actualidad-ceu\/wp-content\/uploads\/sites\/2\/2026\/09\/Captura-de-pantalla-2026-09-02-a-las-11.33.20.png 474w, https:\/\/medios.uchceu.es\/actualidad-ceu\/wp-content\/uploads\/sites\/2\/2026\/09\/Captura-de-pantalla-2026-09-02-a-las-11.33.20-250x300.png 250w, https:\/\/medios.uchceu.es\/actualidad-ceu\/wp-content\/uploads\/sites\/2\/2026\/09\/Captura-de-pantalla-2026-09-02-a-las-11.33.20-150x180.png 150w, https:\/\/medios.uchceu.es\/actualidad-ceu\/wp-content\/uploads\/sites\/2\/2026\/09\/Captura-de-pantalla-2026-09-02-a-las-11.33.20-300x360.png 300w, https:\/\/medios.uchceu.es\/actualidad-ceu\/wp-content\/uploads\/sites\/2\/2026\/09\/Captura-de-pantalla-2026-09-02-a-las-11.33.20-350x420.png 350w\" sizes=\"auto, (max-width: 474px) 100vw, 474px\" \/><\/a>\n\t\t\t<\/div><\/figure><figure class='gallery-item'>\n\t\t\t<div class='gallery-icon landscape'>\n\t\t\t\t<a href='https:\/\/medios.uchceu.es\/actualidad-ceu\/wp-content\/uploads\/sites\/2\/2026\/09\/Captura-de-pantalla-2026-09-02-a-las-11.32.28.png'><img loading=\"lazy\" decoding=\"async\" width=\"476\" height=\"454\" src=\"https:\/\/medios.uchceu.es\/actualidad-ceu\/wp-content\/uploads\/sites\/2\/2026\/09\/Captura-de-pantalla-2026-09-02-a-las-11.32.28.png\" class=\"attachment-full size-full\" alt=\"\" srcset=\"https:\/\/medios.uchceu.es\/actualidad-ceu\/wp-content\/uploads\/sites\/2\/2026\/09\/Captura-de-pantalla-2026-09-02-a-las-11.32.28.png 476w, https:\/\/medios.uchceu.es\/actualidad-ceu\/wp-content\/uploads\/sites\/2\/2026\/09\/Captura-de-pantalla-2026-09-02-a-las-11.32.28-300x286.png 300w, https:\/\/medios.uchceu.es\/actualidad-ceu\/wp-content\/uploads\/sites\/2\/2026\/09\/Captura-de-pantalla-2026-09-02-a-las-11.32.28-150x143.png 150w, https:\/\/medios.uchceu.es\/actualidad-ceu\/wp-content\/uploads\/sites\/2\/2026\/09\/Captura-de-pantalla-2026-09-02-a-las-11.32.28-440x420.png 440w\" sizes=\"auto, (max-width: 476px) 100vw, 476px\" \/><\/a>\n\t\t\t<\/div><\/figure><figure class='gallery-item'>\n\t\t\t<div class='gallery-icon portrait'>\n\t\t\t\t<a href='https:\/\/medios.uchceu.es\/actualidad-ceu\/wp-content\/uploads\/sites\/2\/2026\/09\/Captura-de-pantalla-2026-09-02-a-las-11.32.09.png'><img loading=\"lazy\" decoding=\"async\" width=\"486\" height=\"653\" src=\"https:\/\/medios.uchceu.es\/actualidad-ceu\/wp-content\/uploads\/sites\/2\/2026\/09\/Captura-de-pantalla-2026-09-02-a-las-11.32.09.png\" class=\"attachment-full size-full\" alt=\"\" srcset=\"https:\/\/medios.uchceu.es\/actualidad-ceu\/wp-content\/uploads\/sites\/2\/2026\/09\/Captura-de-pantalla-2026-09-02-a-las-11.32.09.png 486w, https:\/\/medios.uchceu.es\/actualidad-ceu\/wp-content\/uploads\/sites\/2\/2026\/09\/Captura-de-pantalla-2026-09-02-a-las-11.32.09-223x300.png 223w, https:\/\/medios.uchceu.es\/actualidad-ceu\/wp-content\/uploads\/sites\/2\/2026\/09\/Captura-de-pantalla-2026-09-02-a-las-11.32.09-150x202.png 150w, https:\/\/medios.uchceu.es\/actualidad-ceu\/wp-content\/uploads\/sites\/2\/2026\/09\/Captura-de-pantalla-2026-09-02-a-las-11.32.09-300x403.png 300w, https:\/\/medios.uchceu.es\/actualidad-ceu\/wp-content\/uploads\/sites\/2\/2026\/09\/Captura-de-pantalla-2026-09-02-a-las-11.32.09-313x420.png 313w\" sizes=\"auto, (max-width: 486px) 100vw, 486px\" \/><\/a>\n\t\t\t<\/div><\/figure>\n\t\t<\/div>\n\n","protected":false},"excerpt":{"rendered":"<p>Esta iniciativa involucra a vecinos de peque\u00f1as poblaciones en los experimentos para la b\u00fasqueda de nuevos antibi\u00f3ticos en muestras de tierra de su t\u00e9rmino municipal, con la colaboraci\u00f3n de FECYT-Ministerio de Ciencia, Innovaci\u00f3n y Universidades El proyecto \u201cPueblos con-Ciencia\u201d del equipo SWICEU, integrado por estudiantes y profesores de la Universidad CEU Cardenal Herrera (CEU UCH), [&hellip;]<\/p>\n","protected":false},"author":7,"featured_media":200287,"comment_status":"closed","ping_status":"closed","sticky":false,"template":"","format":"standard","meta":{"_uag_custom_page_level_css":"","footnotes":""},"categories":[3,4,31,38,39,17,28,1089],"tags":[774,178,268,2337,2338,1016,2049,1975],"class_list":["post-200286","post","type-post","status-publish","format-standard","has-post-thumbnail","category-actualidad-cientifica","category-ciencias-de-la-salud-actualidad-cientifica","category-nota-de-prensa-valencia","category-x-slider-home","category-x-slider-investigacion","category-xmaquetacion","category-xnota-de-prensa","category-destacada_home1","tag-divulgacion","tag-facultad-ciencias-de-la-salud","tag-investigacion","tag-proyetos","tag-pueblos-con-ciencia-swiceu","tag-swiceu","tag-swiceu-2","tag-unidad-cultura-cientifica-ucci"],"yoast_head":"<!-- This site is optimized with the Yoast SEO plugin v27.9 - https:\/\/yoast.com\/product\/yoast-seo-wordpress\/ -->\n<title>El Plan Nacional de Resistencia a los Antibi\u00f3ticos del Ministerio de Sanidad premia el proyecto de divulgaci\u00f3n \u201cPueblos con-Ciencia\u201d del equipo SWICEU<\/title>\n<meta name=\"description\" content=\"El proyecto &quot;Pueblos con-CIencia&quot; del equpo SWICEU de la CEU UCH premiado por el PRAN involucra a vecinos de peque\u00f1as poblaciones en los experimentos para la b\u00fasqueda de nuevos antibi\u00f3ticos en muestras de tierra de su t\u00e9rmino municipal, con la colaboraci\u00f3n de FECYT-Ministerio de Ciencia, Innovaci\u00f3n y Universidades\" \/>\n<meta name=\"robots\" content=\"index, follow, max-snippet:-1, max-image-preview:large, max-video-preview:-1\" \/>\n<link rel=\"canonical\" href=\"https:\/\/medios.uchceu.es\/actualidad-ceu\/el-plan-nacional-de-resistencia-a-los-antibioticos-del-ministerio-de-sanidad-premia-el-proyecto-de-divulgacion-pueblos-con-ciencia-del-equipo-swiceu\/\" \/>\n<meta property=\"og:locale\" content=\"es_ES\" \/>\n<meta property=\"og:type\" content=\"article\" \/>\n<meta property=\"og:title\" content=\"El Plan Nacional de Resistencia a los Antibi\u00f3ticos del Ministerio de Sanidad premia el proyecto de divulgaci\u00f3n \u201cPueblos con-Ciencia\u201d del equipo SWICEU\" \/>\n<meta property=\"og:description\" content=\"El proyecto &quot;Pueblos con-CIencia&quot; del equpo SWICEU de la CEU UCH premiado por el PRAN involucra a vecinos de peque\u00f1as poblaciones en los experimentos para la b\u00fasqueda de nuevos antibi\u00f3ticos en muestras de tierra de su t\u00e9rmino municipal, con la colaboraci\u00f3n de FECYT-Ministerio de Ciencia, Innovaci\u00f3n y Universidades\" \/>\n<meta property=\"og:url\" content=\"https:\/\/medios.uchceu.es\/actualidad-ceu\/el-plan-nacional-de-resistencia-a-los-antibioticos-del-ministerio-de-sanidad-premia-el-proyecto-de-divulgacion-pueblos-con-ciencia-del-equipo-swiceu\/\" \/>\n<meta property=\"og:site_name\" content=\"Actualidad CEU\" \/>\n<meta property=\"article:publisher\" content=\"https:\/\/www.facebook.com\/UCHCEU\" \/>\n<meta property=\"article:published_time\" content=\"2026-09-02T08:25:46+00:00\" \/>\n<meta property=\"article:modified_time\" content=\"2026-09-02T11:43:23+00:00\" \/>\n<meta property=\"og:image\" content=\"https:\/\/medios.uchceu.es\/actualidad-ceu\/wp-content\/uploads\/sites\/2\/2026\/09\/pueblos-con-ciencia-cheste-swiceu-ceu-uch.jpeg\" \/>\n\t<meta property=\"og:image:width\" content=\"1800\" \/>\n\t<meta property=\"og:image:height\" content=\"1350\" \/>\n\t<meta property=\"og:image:type\" content=\"image\/jpeg\" \/>\n<meta name=\"author\" content=\"Elisa Marco\" \/>\n<meta name=\"twitter:card\" content=\"summary_large_image\" \/>\n<meta name=\"twitter:creator\" content=\"@uchceu\" \/>\n<meta name=\"twitter:site\" content=\"@uchceu\" \/>\n<meta name=\"twitter:label1\" content=\"Escrito por\" \/>\n\t<meta name=\"twitter:data1\" content=\"Elisa Marco\" \/>\n\t<meta name=\"twitter:label2\" content=\"Tiempo de lectura\" \/>\n\t<meta name=\"twitter:data2\" content=\"6 minutos\" \/>\n<script type=\"application\/ld+json\" class=\"yoast-schema-graph\">{\"@context\":\"https:\\\/\\\/schema.org\",\"@graph\":[{\"@type\":\"Article\",\"@id\":\"https:\\\/\\\/medios.uchceu.es\\\/actualidad-ceu\\\/el-plan-nacional-de-resistencia-a-los-antibioticos-del-ministerio-de-sanidad-premia-el-proyecto-de-divulgacion-pueblos-con-ciencia-del-equipo-swiceu\\\/#article\",\"isPartOf\":{\"@id\":\"https:\\\/\\\/medios.uchceu.es\\\/actualidad-ceu\\\/el-plan-nacional-de-resistencia-a-los-antibioticos-del-ministerio-de-sanidad-premia-el-proyecto-de-divulgacion-pueblos-con-ciencia-del-equipo-swiceu\\\/\"},\"author\":{\"name\":\"Elisa Marco\",\"@id\":\"https:\\\/\\\/medios.uchceu.es\\\/actualidad-ceu\\\/#\\\/schema\\\/person\\\/31ddba919ce9f30ec285d011f857b334\"},\"headline\":\"El Plan Nacional de Resistencia a los Antibi\u00f3ticos del Ministerio de Sanidad premia el proyecto de divulgaci\u00f3n \u201cPueblos con-Ciencia\u201d del equipo SWICEU\",\"datePublished\":\"2026-09-02T08:25:46+00:00\",\"dateModified\":\"2026-09-02T11:43:23+00:00\",\"mainEntityOfPage\":{\"@id\":\"https:\\\/\\\/medios.uchceu.es\\\/actualidad-ceu\\\/el-plan-nacional-de-resistencia-a-los-antibioticos-del-ministerio-de-sanidad-premia-el-proyecto-de-divulgacion-pueblos-con-ciencia-del-equipo-swiceu\\\/\"},\"wordCount\":978,\"publisher\":{\"@id\":\"https:\\\/\\\/medios.uchceu.es\\\/actualidad-ceu\\\/#organization\"},\"image\":{\"@id\":\"https:\\\/\\\/medios.uchceu.es\\\/actualidad-ceu\\\/el-plan-nacional-de-resistencia-a-los-antibioticos-del-ministerio-de-sanidad-premia-el-proyecto-de-divulgacion-pueblos-con-ciencia-del-equipo-swiceu\\\/#primaryimage\"},\"thumbnailUrl\":\"https:\\\/\\\/medios.uchceu.es\\\/actualidad-ceu\\\/wp-content\\\/uploads\\\/sites\\\/2\\\/2026\\\/09\\\/pueblos-con-ciencia-cheste-swiceu-ceu-uch.jpeg\",\"keywords\":[\"Divulgaci\u00f3n\",\"Facultad Ciencias de la Salud\",\"Investigaci\u00f3n\",\"Proyetos\",\"Pueblos con-Ciencia SWICEU\",\"SWI@CEU\",\"SWICEU\",\"Unidad Cultura Cient\u00edfica UCC+i\"],\"articleSection\":[\"Actualidad Cient\u00edfica\",\"Ciencias de la Salud\",\"nota de prensa valencia\",\"x slider home\",\"x slider investigacion\",\"xMaquetaci\u00f3n\",\"xNota de Prensa\",\"xPrimera noticia en home\"],\"inLanguage\":\"es\"},{\"@type\":[\"WebPage\",\"ItemPage\"],\"@id\":\"https:\\\/\\\/medios.uchceu.es\\\/actualidad-ceu\\\/el-plan-nacional-de-resistencia-a-los-antibioticos-del-ministerio-de-sanidad-premia-el-proyecto-de-divulgacion-pueblos-con-ciencia-del-equipo-swiceu\\\/\",\"url\":\"https:\\\/\\\/medios.uchceu.es\\\/actualidad-ceu\\\/el-plan-nacional-de-resistencia-a-los-antibioticos-del-ministerio-de-sanidad-premia-el-proyecto-de-divulgacion-pueblos-con-ciencia-del-equipo-swiceu\\\/\",\"name\":\"El Plan Nacional de Resistencia a los Antibi\u00f3ticos del Ministerio de Sanidad premia el proyecto de divulgaci\u00f3n \u201cPueblos con-Ciencia\u201d del equipo SWICEU\",\"isPartOf\":{\"@id\":\"https:\\\/\\\/medios.uchceu.es\\\/actualidad-ceu\\\/#website\"},\"primaryImageOfPage\":{\"@id\":\"https:\\\/\\\/medios.uchceu.es\\\/actualidad-ceu\\\/el-plan-nacional-de-resistencia-a-los-antibioticos-del-ministerio-de-sanidad-premia-el-proyecto-de-divulgacion-pueblos-con-ciencia-del-equipo-swiceu\\\/#primaryimage\"},\"image\":{\"@id\":\"https:\\\/\\\/medios.uchceu.es\\\/actualidad-ceu\\\/el-plan-nacional-de-resistencia-a-los-antibioticos-del-ministerio-de-sanidad-premia-el-proyecto-de-divulgacion-pueblos-con-ciencia-del-equipo-swiceu\\\/#primaryimage\"},\"thumbnailUrl\":\"https:\\\/\\\/medios.uchceu.es\\\/actualidad-ceu\\\/wp-content\\\/uploads\\\/sites\\\/2\\\/2026\\\/09\\\/pueblos-con-ciencia-cheste-swiceu-ceu-uch.jpeg\",\"datePublished\":\"2026-09-02T08:25:46+00:00\",\"dateModified\":\"2026-09-02T11:43:23+00:00\",\"description\":\"El proyecto \\\"Pueblos con-CIencia\\\" del equpo SWICEU de la CEU UCH premiado por el PRAN involucra a vecinos de peque\u00f1as poblaciones en los experimentos para la b\u00fasqueda de nuevos antibi\u00f3ticos en muestras de tierra de su t\u00e9rmino municipal, con la colaboraci\u00f3n de FECYT-Ministerio de Ciencia, Innovaci\u00f3n y Universidades\",\"breadcrumb\":{\"@id\":\"https:\\\/\\\/medios.uchceu.es\\\/actualidad-ceu\\\/el-plan-nacional-de-resistencia-a-los-antibioticos-del-ministerio-de-sanidad-premia-el-proyecto-de-divulgacion-pueblos-con-ciencia-del-equipo-swiceu\\\/#breadcrumb\"},\"inLanguage\":\"es\",\"potentialAction\":[{\"@type\":\"ReadAction\",\"target\":[\"https:\\\/\\\/medios.uchceu.es\\\/actualidad-ceu\\\/el-plan-nacional-de-resistencia-a-los-antibioticos-del-ministerio-de-sanidad-premia-el-proyecto-de-divulgacion-pueblos-con-ciencia-del-equipo-swiceu\\\/\"]}]},{\"@type\":\"ImageObject\",\"inLanguage\":\"es\",\"@id\":\"https:\\\/\\\/medios.uchceu.es\\\/actualidad-ceu\\\/el-plan-nacional-de-resistencia-a-los-antibioticos-del-ministerio-de-sanidad-premia-el-proyecto-de-divulgacion-pueblos-con-ciencia-del-equipo-swiceu\\\/#primaryimage\",\"url\":\"https:\\\/\\\/medios.uchceu.es\\\/actualidad-ceu\\\/wp-content\\\/uploads\\\/sites\\\/2\\\/2026\\\/09\\\/pueblos-con-ciencia-cheste-swiceu-ceu-uch.jpeg\",\"contentUrl\":\"https:\\\/\\\/medios.uchceu.es\\\/actualidad-ceu\\\/wp-content\\\/uploads\\\/sites\\\/2\\\/2026\\\/09\\\/pueblos-con-ciencia-cheste-swiceu-ceu-uch.jpeg\",\"width\":1800,\"height\":1350},{\"@type\":\"BreadcrumbList\",\"@id\":\"https:\\\/\\\/medios.uchceu.es\\\/actualidad-ceu\\\/el-plan-nacional-de-resistencia-a-los-antibioticos-del-ministerio-de-sanidad-premia-el-proyecto-de-divulgacion-pueblos-con-ciencia-del-equipo-swiceu\\\/#breadcrumb\",\"itemListElement\":[{\"@type\":\"ListItem\",\"position\":1,\"name\":\"Portada\",\"item\":\"https:\\\/\\\/medios.uchceu.es\\\/actualidad-ceu\\\/\"},{\"@type\":\"ListItem\",\"position\":2,\"name\":\"El Plan Nacional de Resistencia a los Antibi\u00f3ticos del Ministerio de Sanidad premia el proyecto de divulgaci\u00f3n \u201cPueblos con-Ciencia\u201d del equipo SWICEU\"}]},{\"@type\":\"WebSite\",\"@id\":\"https:\\\/\\\/medios.uchceu.es\\\/actualidad-ceu\\\/#website\",\"url\":\"https:\\\/\\\/medios.uchceu.es\\\/actualidad-ceu\\\/\",\"name\":\"Actualidad CEU\",\"description\":\"El peri\u00f3dico de la Universidad CEU Cardenal Herrera\",\"publisher\":{\"@id\":\"https:\\\/\\\/medios.uchceu.es\\\/actualidad-ceu\\\/#organization\"},\"alternateName\":\"AC\",\"potentialAction\":[{\"@type\":\"SearchAction\",\"target\":{\"@type\":\"EntryPoint\",\"urlTemplate\":\"https:\\\/\\\/medios.uchceu.es\\\/actualidad-ceu\\\/?s={search_term_string}\"},\"query-input\":{\"@type\":\"PropertyValueSpecification\",\"valueRequired\":true,\"valueName\":\"search_term_string\"}}],\"inLanguage\":\"es\"},{\"@type\":\"Organization\",\"@id\":\"https:\\\/\\\/medios.uchceu.es\\\/actualidad-ceu\\\/#organization\",\"name\":\"Universidad CEU Cardenal Herrera\",\"url\":\"https:\\\/\\\/medios.uchceu.es\\\/actualidad-ceu\\\/\",\"logo\":{\"@type\":\"ImageObject\",\"inLanguage\":\"es\",\"@id\":\"https:\\\/\\\/medios.uchceu.es\\\/actualidad-ceu\\\/#\\\/schema\\\/logo\\\/image\\\/\",\"url\":\"https:\\\/\\\/medios.uchceu.es\\\/actualidad-ceu\\\/wp-content\\\/uploads\\\/sites\\\/2\\\/2018\\\/11\\\/logotipo-ceu-uch-gris.png\",\"contentUrl\":\"https:\\\/\\\/medios.uchceu.es\\\/actualidad-ceu\\\/wp-content\\\/uploads\\\/sites\\\/2\\\/2018\\\/11\\\/logotipo-ceu-uch-gris.png\",\"width\":540,\"height\":140,\"caption\":\"Universidad CEU Cardenal Herrera\"},\"image\":{\"@id\":\"https:\\\/\\\/medios.uchceu.es\\\/actualidad-ceu\\\/#\\\/schema\\\/logo\\\/image\\\/\"},\"sameAs\":[\"https:\\\/\\\/www.facebook.com\\\/UCHCEU\",\"https:\\\/\\\/x.com\\\/uchceu\",\"https:\\\/\\\/www.instagram.com\\\/uchceu_universidad\",\"https:\\\/\\\/www.linkedin.com\\\/school\\\/497316\",\"https:\\\/\\\/www.youtube.com\\\/ceuvalencia\",\"https:\\\/\\\/www.tiktok.com\\\/@uchceu_universidad\"]},{\"@type\":\"Person\",\"@id\":\"https:\\\/\\\/medios.uchceu.es\\\/actualidad-ceu\\\/#\\\/schema\\\/person\\\/31ddba919ce9f30ec285d011f857b334\",\"name\":\"Elisa Marco\",\"image\":{\"@type\":\"ImageObject\",\"inLanguage\":\"es\",\"@id\":\"https:\\\/\\\/secure.gravatar.com\\\/avatar\\\/ed64f0e17f4cceecb56f2f81d2a17bcf0f0e787a2c7abf00b5aeea711849fd16?s=96&d=mm&r=g\",\"url\":\"https:\\\/\\\/secure.gravatar.com\\\/avatar\\\/ed64f0e17f4cceecb56f2f81d2a17bcf0f0e787a2c7abf00b5aeea711849fd16?s=96&d=mm&r=g\",\"contentUrl\":\"https:\\\/\\\/secure.gravatar.com\\\/avatar\\\/ed64f0e17f4cceecb56f2f81d2a17bcf0f0e787a2c7abf00b5aeea711849fd16?s=96&d=mm&r=g\",\"caption\":\"Elisa Marco\"},\"url\":\"https:\\\/\\\/medios.uchceu.es\\\/actualidad-ceu\\\/author\\\/elisa\\\/\"}]}<\/script>\n<!-- \/ Yoast SEO plugin. -->","yoast_head_json":{"title":"El Plan Nacional de Resistencia a los Antibi\u00f3ticos del Ministerio de Sanidad premia el proyecto de divulgaci\u00f3n \u201cPueblos con-Ciencia\u201d del equipo SWICEU","description":"El proyecto \"Pueblos con-CIencia\" del equpo SWICEU de la CEU UCH premiado por el PRAN involucra a vecinos de peque\u00f1as poblaciones en los experimentos para la b\u00fasqueda de nuevos antibi\u00f3ticos en muestras de tierra de su t\u00e9rmino municipal, con la colaboraci\u00f3n de FECYT-Ministerio de Ciencia, Innovaci\u00f3n y Universidades","robots":{"index":"index","follow":"follow","max-snippet":"max-snippet:-1","max-image-preview":"max-image-preview:large","max-video-preview":"max-video-preview:-1"},"canonical":"https:\/\/medios.uchceu.es\/actualidad-ceu\/el-plan-nacional-de-resistencia-a-los-antibioticos-del-ministerio-de-sanidad-premia-el-proyecto-de-divulgacion-pueblos-con-ciencia-del-equipo-swiceu\/","og_locale":"es_ES","og_type":"article","og_title":"El Plan Nacional de Resistencia a los Antibi\u00f3ticos del Ministerio de Sanidad premia el proyecto de divulgaci\u00f3n \u201cPueblos con-Ciencia\u201d del equipo SWICEU","og_description":"El proyecto \"Pueblos con-CIencia\" del equpo SWICEU de la CEU UCH premiado por el PRAN involucra a vecinos de peque\u00f1as poblaciones en los experimentos para la b\u00fasqueda de nuevos antibi\u00f3ticos en muestras de tierra de su t\u00e9rmino municipal, con la colaboraci\u00f3n de FECYT-Ministerio de Ciencia, Innovaci\u00f3n y Universidades","og_url":"https:\/\/medios.uchceu.es\/actualidad-ceu\/el-plan-nacional-de-resistencia-a-los-antibioticos-del-ministerio-de-sanidad-premia-el-proyecto-de-divulgacion-pueblos-con-ciencia-del-equipo-swiceu\/","og_site_name":"Actualidad CEU","article_publisher":"https:\/\/www.facebook.com\/UCHCEU","article_published_time":"2026-09-02T08:25:46+00:00","article_modified_time":"2026-09-02T11:43:23+00:00","og_image":[{"width":1800,"height":1350,"url":"https:\/\/medios.uchceu.es\/actualidad-ceu\/wp-content\/uploads\/sites\/2\/2026\/09\/pueblos-con-ciencia-cheste-swiceu-ceu-uch.jpeg","type":"image\/jpeg"}],"author":"Elisa Marco","twitter_card":"summary_large_image","twitter_creator":"@uchceu","twitter_site":"@uchceu","twitter_misc":{"Escrito por":"Elisa Marco","Tiempo de lectura":"6 minutos"},"schema":{"@context":"https:\/\/schema.org","@graph":[{"@type":"Article","@id":"https:\/\/medios.uchceu.es\/actualidad-ceu\/el-plan-nacional-de-resistencia-a-los-antibioticos-del-ministerio-de-sanidad-premia-el-proyecto-de-divulgacion-pueblos-con-ciencia-del-equipo-swiceu\/#article","isPartOf":{"@id":"https:\/\/medios.uchceu.es\/actualidad-ceu\/el-plan-nacional-de-resistencia-a-los-antibioticos-del-ministerio-de-sanidad-premia-el-proyecto-de-divulgacion-pueblos-con-ciencia-del-equipo-swiceu\/"},"author":{"name":"Elisa Marco","@id":"https:\/\/medios.uchceu.es\/actualidad-ceu\/#\/schema\/person\/31ddba919ce9f30ec285d011f857b334"},"headline":"El Plan Nacional de Resistencia a los Antibi\u00f3ticos del Ministerio de Sanidad premia el proyecto de divulgaci\u00f3n \u201cPueblos con-Ciencia\u201d del equipo SWICEU","datePublished":"2026-09-02T08:25:46+00:00","dateModified":"2026-09-02T11:43:23+00:00","mainEntityOfPage":{"@id":"https:\/\/medios.uchceu.es\/actualidad-ceu\/el-plan-nacional-de-resistencia-a-los-antibioticos-del-ministerio-de-sanidad-premia-el-proyecto-de-divulgacion-pueblos-con-ciencia-del-equipo-swiceu\/"},"wordCount":978,"publisher":{"@id":"https:\/\/medios.uchceu.es\/actualidad-ceu\/#organization"},"image":{"@id":"https:\/\/medios.uchceu.es\/actualidad-ceu\/el-plan-nacional-de-resistencia-a-los-antibioticos-del-ministerio-de-sanidad-premia-el-proyecto-de-divulgacion-pueblos-con-ciencia-del-equipo-swiceu\/#primaryimage"},"thumbnailUrl":"https:\/\/medios.uchceu.es\/actualidad-ceu\/wp-content\/uploads\/sites\/2\/2026\/09\/pueblos-con-ciencia-cheste-swiceu-ceu-uch.jpeg","keywords":["Divulgaci\u00f3n","Facultad Ciencias de la Salud","Investigaci\u00f3n","Proyetos","Pueblos con-Ciencia SWICEU","SWI@CEU","SWICEU","Unidad Cultura Cient\u00edfica UCC+i"],"articleSection":["Actualidad Cient\u00edfica","Ciencias de la Salud","nota de prensa valencia","x slider home","x slider investigacion","xMaquetaci\u00f3n","xNota de Prensa","xPrimera noticia en home"],"inLanguage":"es"},{"@type":["WebPage","ItemPage"],"@id":"https:\/\/medios.uchceu.es\/actualidad-ceu\/el-plan-nacional-de-resistencia-a-los-antibioticos-del-ministerio-de-sanidad-premia-el-proyecto-de-divulgacion-pueblos-con-ciencia-del-equipo-swiceu\/","url":"https:\/\/medios.uchceu.es\/actualidad-ceu\/el-plan-nacional-de-resistencia-a-los-antibioticos-del-ministerio-de-sanidad-premia-el-proyecto-de-divulgacion-pueblos-con-ciencia-del-equipo-swiceu\/","name":"El Plan Nacional de Resistencia a los Antibi\u00f3ticos del Ministerio de Sanidad premia el proyecto de divulgaci\u00f3n \u201cPueblos con-Ciencia\u201d del equipo SWICEU","isPartOf":{"@id":"https:\/\/medios.uchceu.es\/actualidad-ceu\/#website"},"primaryImageOfPage":{"@id":"https:\/\/medios.uchceu.es\/actualidad-ceu\/el-plan-nacional-de-resistencia-a-los-antibioticos-del-ministerio-de-sanidad-premia-el-proyecto-de-divulgacion-pueblos-con-ciencia-del-equipo-swiceu\/#primaryimage"},"image":{"@id":"https:\/\/medios.uchceu.es\/actualidad-ceu\/el-plan-nacional-de-resistencia-a-los-antibioticos-del-ministerio-de-sanidad-premia-el-proyecto-de-divulgacion-pueblos-con-ciencia-del-equipo-swiceu\/#primaryimage"},"thumbnailUrl":"https:\/\/medios.uchceu.es\/actualidad-ceu\/wp-content\/uploads\/sites\/2\/2026\/09\/pueblos-con-ciencia-cheste-swiceu-ceu-uch.jpeg","datePublished":"2026-09-02T08:25:46+00:00","dateModified":"2026-09-02T11:43:23+00:00","description":"El proyecto \"Pueblos con-CIencia\" del equpo SWICEU de la CEU UCH premiado por el PRAN involucra a vecinos de peque\u00f1as poblaciones en los experimentos para la b\u00fasqueda de nuevos antibi\u00f3ticos en muestras de tierra de su t\u00e9rmino municipal, con la colaboraci\u00f3n de FECYT-Ministerio de Ciencia, Innovaci\u00f3n y Universidades","breadcrumb":{"@id":"https:\/\/medios.uchceu.es\/actualidad-ceu\/el-plan-nacional-de-resistencia-a-los-antibioticos-del-ministerio-de-sanidad-premia-el-proyecto-de-divulgacion-pueblos-con-ciencia-del-equipo-swiceu\/#breadcrumb"},"inLanguage":"es","potentialAction":[{"@type":"ReadAction","target":["https:\/\/medios.uchceu.es\/actualidad-ceu\/el-plan-nacional-de-resistencia-a-los-antibioticos-del-ministerio-de-sanidad-premia-el-proyecto-de-divulgacion-pueblos-con-ciencia-del-equipo-swiceu\/"]}]},{"@type":"ImageObject","inLanguage":"es","@id":"https:\/\/medios.uchceu.es\/actualidad-ceu\/el-plan-nacional-de-resistencia-a-los-antibioticos-del-ministerio-de-sanidad-premia-el-proyecto-de-divulgacion-pueblos-con-ciencia-del-equipo-swiceu\/#primaryimage","url":"https:\/\/medios.uchceu.es\/actualidad-ceu\/wp-content\/uploads\/sites\/2\/2026\/09\/pueblos-con-ciencia-cheste-swiceu-ceu-uch.jpeg","contentUrl":"https:\/\/medios.uchceu.es\/actualidad-ceu\/wp-content\/uploads\/sites\/2\/2026\/09\/pueblos-con-ciencia-cheste-swiceu-ceu-uch.jpeg","width":1800,"height":1350},{"@type":"BreadcrumbList","@id":"https:\/\/medios.uchceu.es\/actualidad-ceu\/el-plan-nacional-de-resistencia-a-los-antibioticos-del-ministerio-de-sanidad-premia-el-proyecto-de-divulgacion-pueblos-con-ciencia-del-equipo-swiceu\/#breadcrumb","itemListElement":[{"@type":"ListItem","position":1,"name":"Portada","item":"https:\/\/medios.uchceu.es\/actualidad-ceu\/"},{"@type":"ListItem","position":2,"name":"El Plan Nacional de Resistencia a los Antibi\u00f3ticos del Ministerio de Sanidad premia el proyecto de divulgaci\u00f3n \u201cPueblos con-Ciencia\u201d del equipo SWICEU"}]},{"@type":"WebSite","@id":"https:\/\/medios.uchceu.es\/actualidad-ceu\/#website","url":"https:\/\/medios.uchceu.es\/actualidad-ceu\/","name":"Actualidad CEU","description":"El peri\u00f3dico de la Universidad CEU Cardenal Herrera","publisher":{"@id":"https:\/\/medios.uchceu.es\/actualidad-ceu\/#organization"},"alternateName":"AC","potentialAction":[{"@type":"SearchAction","target":{"@type":"EntryPoint","urlTemplate":"https:\/\/medios.uchceu.es\/actualidad-ceu\/?s={search_term_string}"},"query-input":{"@type":"PropertyValueSpecification","valueRequired":true,"valueName":"search_term_string"}}],"inLanguage":"es"},{"@type":"Organization","@id":"https:\/\/medios.uchceu.es\/actualidad-ceu\/#organization","name":"Universidad CEU Cardenal Herrera","url":"https:\/\/medios.uchceu.es\/actualidad-ceu\/","logo":{"@type":"ImageObject","inLanguage":"es","@id":"https:\/\/medios.uchceu.es\/actualidad-ceu\/#\/schema\/logo\/image\/","url":"https:\/\/medios.uchceu.es\/actualidad-ceu\/wp-content\/uploads\/sites\/2\/2018\/11\/logotipo-ceu-uch-gris.png","contentUrl":"https:\/\/medios.uchceu.es\/actualidad-ceu\/wp-content\/uploads\/sites\/2\/2018\/11\/logotipo-ceu-uch-gris.png","width":540,"height":140,"caption":"Universidad CEU Cardenal Herrera"},"image":{"@id":"https:\/\/medios.uchceu.es\/actualidad-ceu\/#\/schema\/logo\/image\/"},"sameAs":["https:\/\/www.facebook.com\/UCHCEU","https:\/\/x.com\/uchceu","https:\/\/www.instagram.com\/uchceu_universidad","https:\/\/www.linkedin.com\/school\/497316","https:\/\/www.youtube.com\/ceuvalencia","https:\/\/www.tiktok.com\/@uchceu_universidad"]},{"@type":"Person","@id":"https:\/\/medios.uchceu.es\/actualidad-ceu\/#\/schema\/person\/31ddba919ce9f30ec285d011f857b334","name":"Elisa Marco","image":{"@type":"ImageObject","inLanguage":"es","@id":"https:\/\/secure.gravatar.com\/avatar\/ed64f0e17f4cceecb56f2f81d2a17bcf0f0e787a2c7abf00b5aeea711849fd16?s=96&d=mm&r=g","url":"https:\/\/secure.gravatar.com\/avatar\/ed64f0e17f4cceecb56f2f81d2a17bcf0f0e787a2c7abf00b5aeea711849fd16?s=96&d=mm&r=g","contentUrl":"https:\/\/secure.gravatar.com\/avatar\/ed64f0e17f4cceecb56f2f81d2a17bcf0f0e787a2c7abf00b5aeea711849fd16?s=96&d=mm&r=g","caption":"Elisa Marco"},"url":"https:\/\/medios.uchceu.es\/actualidad-ceu\/author\/elisa\/"}]}},"uagb_featured_image_src":{"full":["https:\/\/medios.uchceu.es\/actualidad-ceu\/wp-content\/uploads\/sites\/2\/2026\/09\/pueblos-con-ciencia-cheste-swiceu-ceu-uch.jpeg",1800,1350,false],"thumbnail":["https:\/\/medios.uchceu.es\/actualidad-ceu\/wp-content\/uploads\/sites\/2\/2026\/09\/pueblos-con-ciencia-cheste-swiceu-ceu-uch-150x150.jpeg",150,150,true],"medium":["https:\/\/medios.uchceu.es\/actualidad-ceu\/wp-content\/uploads\/sites\/2\/2026\/09\/pueblos-con-ciencia-cheste-swiceu-ceu-uch-300x225.jpeg",300,225,true],"medium_large":["https:\/\/medios.uchceu.es\/actualidad-ceu\/wp-content\/uploads\/sites\/2\/2026\/09\/pueblos-con-ciencia-cheste-swiceu-ceu-uch-768x576.jpeg",696,522,true],"large":["https:\/\/medios.uchceu.es\/actualidad-ceu\/wp-content\/uploads\/sites\/2\/2026\/09\/pueblos-con-ciencia-cheste-swiceu-ceu-uch-1060x795.jpeg",696,522,true],"listado":["https:\/\/medios.uchceu.es\/actualidad-ceu\/wp-content\/uploads\/sites\/2\/2026\/09\/pueblos-con-ciencia-cheste-swiceu-ceu-uch-310x174.jpeg",310,174,true],"nuevaweb":["https:\/\/medios.uchceu.es\/actualidad-ceu\/wp-content\/uploads\/sites\/2\/2026\/09\/pueblos-con-ciencia-cheste-swiceu-ceu-uch-280x280.jpeg",280,280,true],"destacadablogs":["https:\/\/medios.uchceu.es\/actualidad-ceu\/wp-content\/uploads\/sites\/2\/2026\/09\/pueblos-con-ciencia-cheste-swiceu-ceu-uch-580x280.jpeg",580,280,true],"1536x1536":["https:\/\/medios.uchceu.es\/actualidad-ceu\/wp-content\/uploads\/sites\/2\/2026\/09\/pueblos-con-ciencia-cheste-swiceu-ceu-uch-1536x1152.jpeg",1536,1152,true],"2048x2048":["https:\/\/medios.uchceu.es\/actualidad-ceu\/wp-content\/uploads\/sites\/2\/2026\/09\/pueblos-con-ciencia-cheste-swiceu-ceu-uch.jpeg",1800,1350,false],"td_150x0":["https:\/\/medios.uchceu.es\/actualidad-ceu\/wp-content\/uploads\/sites\/2\/2026\/09\/pueblos-con-ciencia-cheste-swiceu-ceu-uch-150x113.jpeg",150,113,true],"td_218x150":["https:\/\/medios.uchceu.es\/actualidad-ceu\/wp-content\/uploads\/sites\/2\/2026\/09\/pueblos-con-ciencia-cheste-swiceu-ceu-uch-218x150.jpeg",218,150,true],"td_300x0":["https:\/\/medios.uchceu.es\/actualidad-ceu\/wp-content\/uploads\/sites\/2\/2026\/09\/pueblos-con-ciencia-cheste-swiceu-ceu-uch-300x225.jpeg",300,225,true],"td_324x400":["https:\/\/medios.uchceu.es\/actualidad-ceu\/wp-content\/uploads\/sites\/2\/2026\/09\/pueblos-con-ciencia-cheste-swiceu-ceu-uch-324x400.jpeg",324,400,true],"td_485x360":["https:\/\/medios.uchceu.es\/actualidad-ceu\/wp-content\/uploads\/sites\/2\/2026\/09\/pueblos-con-ciencia-cheste-swiceu-ceu-uch-485x360.jpeg",485,360,true],"td_696x0":["https:\/\/medios.uchceu.es\/actualidad-ceu\/wp-content\/uploads\/sites\/2\/2026\/09\/pueblos-con-ciencia-cheste-swiceu-ceu-uch-696x522.jpeg",696,522,true],"td_1068x0":["https:\/\/medios.uchceu.es\/actualidad-ceu\/wp-content\/uploads\/sites\/2\/2026\/09\/pueblos-con-ciencia-cheste-swiceu-ceu-uch-1068x801.jpeg",1068,801,true],"td_1920x0":["https:\/\/medios.uchceu.es\/actualidad-ceu\/wp-content\/uploads\/sites\/2\/2026\/09\/pueblos-con-ciencia-cheste-swiceu-ceu-uch.jpeg",1800,1350,false],"td_0x420":["https:\/\/medios.uchceu.es\/actualidad-ceu\/wp-content\/uploads\/sites\/2\/2026\/09\/pueblos-con-ciencia-cheste-swiceu-ceu-uch-560x420.jpeg",560,420,true],"td_80x60":["https:\/\/medios.uchceu.es\/actualidad-ceu\/wp-content\/uploads\/sites\/2\/2026\/09\/pueblos-con-ciencia-cheste-swiceu-ceu-uch-80x60.jpeg",80,60,true],"td_100x70":["https:\/\/medios.uchceu.es\/actualidad-ceu\/wp-content\/uploads\/sites\/2\/2026\/09\/pueblos-con-ciencia-cheste-swiceu-ceu-uch-100x70.jpeg",100,70,true],"td_265x198":["https:\/\/medios.uchceu.es\/actualidad-ceu\/wp-content\/uploads\/sites\/2\/2026\/09\/pueblos-con-ciencia-cheste-swiceu-ceu-uch-265x198.jpeg",265,198,true],"td_324x160":["https:\/\/medios.uchceu.es\/actualidad-ceu\/wp-content\/uploads\/sites\/2\/2026\/09\/pueblos-con-ciencia-cheste-swiceu-ceu-uch-324x160.jpeg",324,160,true],"td_324x235":["https:\/\/medios.uchceu.es\/actualidad-ceu\/wp-content\/uploads\/sites\/2\/2026\/09\/pueblos-con-ciencia-cheste-swiceu-ceu-uch-324x235.jpeg",324,235,true],"td_356x220":["https:\/\/medios.uchceu.es\/actualidad-ceu\/wp-content\/uploads\/sites\/2\/2026\/09\/pueblos-con-ciencia-cheste-swiceu-ceu-uch-356x220.jpeg",356,220,true],"td_356x364":["https:\/\/medios.uchceu.es\/actualidad-ceu\/wp-content\/uploads\/sites\/2\/2026\/09\/pueblos-con-ciencia-cheste-swiceu-ceu-uch-356x364.jpeg",356,364,true],"td_533x261":["https:\/\/medios.uchceu.es\/actualidad-ceu\/wp-content\/uploads\/sites\/2\/2026\/09\/pueblos-con-ciencia-cheste-swiceu-ceu-uch-533x261.jpeg",533,261,true],"td_534x462":["https:\/\/medios.uchceu.es\/actualidad-ceu\/wp-content\/uploads\/sites\/2\/2026\/09\/pueblos-con-ciencia-cheste-swiceu-ceu-uch-534x462.jpeg",534,462,true],"td_696x385":["https:\/\/medios.uchceu.es\/actualidad-ceu\/wp-content\/uploads\/sites\/2\/2026\/09\/pueblos-con-ciencia-cheste-swiceu-ceu-uch-696x385.jpeg",696,385,true],"td_741x486":["https:\/\/medios.uchceu.es\/actualidad-ceu\/wp-content\/uploads\/sites\/2\/2026\/09\/pueblos-con-ciencia-cheste-swiceu-ceu-uch-741x486.jpeg",741,486,true],"td_1068x580":["https:\/\/medios.uchceu.es\/actualidad-ceu\/wp-content\/uploads\/sites\/2\/2026\/09\/pueblos-con-ciencia-cheste-swiceu-ceu-uch-1068x580.jpeg",1068,580,true]},"uagb_author_info":{"display_name":"Elisa Marco","author_link":"https:\/\/medios.uchceu.es\/actualidad-ceu\/author\/elisa\/"},"uagb_comment_info":0,"uagb_excerpt":"Esta iniciativa involucra a vecinos de peque\u00f1as poblaciones en los experimentos para la b\u00fasqueda de nuevos antibi\u00f3ticos en muestras de tierra de su t\u00e9rmino municipal, con la colaboraci\u00f3n de FECYT-Ministerio de Ciencia, Innovaci\u00f3n y Universidades El proyecto \u201cPueblos con-Ciencia\u201d del equipo SWICEU, integrado por estudiantes y profesores de la Universidad CEU Cardenal Herrera (CEU UCH),&hellip;","_links":{"self":[{"href":"https:\/\/medios.uchceu.es\/actualidad-ceu\/wp-json\/wp\/v2\/posts\/200286","targetHints":{"allow":["GET"]}}],"collection":[{"href":"https:\/\/medios.uchceu.es\/actualidad-ceu\/wp-json\/wp\/v2\/posts"}],"about":[{"href":"https:\/\/medios.uchceu.es\/actualidad-ceu\/wp-json\/wp\/v2\/types\/post"}],"author":[{"embeddable":true,"href":"https:\/\/medios.uchceu.es\/actualidad-ceu\/wp-json\/wp\/v2\/users\/7"}],"replies":[{"embeddable":true,"href":"https:\/\/medios.uchceu.es\/actualidad-ceu\/wp-json\/wp\/v2\/comments?post=200286"}],"version-history":[{"count":9,"href":"https:\/\/medios.uchceu.es\/actualidad-ceu\/wp-json\/wp\/v2\/posts\/200286\/revisions"}],"predecessor-version":[{"id":200301,"href":"https:\/\/medios.uchceu.es\/actualidad-ceu\/wp-json\/wp\/v2\/posts\/200286\/revisions\/200301"}],"wp:featuredmedia":[{"embeddable":true,"href":"https:\/\/medios.uchceu.es\/actualidad-ceu\/wp-json\/wp\/v2\/media\/200287"}],"wp:attachment":[{"href":"https:\/\/medios.uchceu.es\/actualidad-ceu\/wp-json\/wp\/v2\/media?parent=200286"}],"wp:term":[{"taxonomy":"category","embeddable":true,"href":"https:\/\/medios.uchceu.es\/actualidad-ceu\/wp-json\/wp\/v2\/categories?post=200286"},{"taxonomy":"post_tag","embeddable":true,"href":"https:\/\/medios.uchceu.es\/actualidad-ceu\/wp-json\/wp\/v2\/tags?post=200286"}],"curies":[{"name":"wp","href":"https:\/\/api.w.org\/{rel}","templated":true}]}}